{"id":19318,"date":"2020-12-24T11:27:33","date_gmt":"2020-12-24T14:27:33","guid":{"rendered":"https:\/\/ecocaminhos.com\/?p=19318"},"modified":"2020-12-24T11:29:24","modified_gmt":"2020-12-24T14:29:24","slug":"jean-paul","status":"publish","type":"post","link":"https:\/\/ecocaminhos.com\/br\/blog\/jean-paul\/","title":{"rendered":"Jean Paul | Um holand\u00eas especialista em observa\u00e7\u00e3o de p\u00e1ssaros que veio registrar a biodiversidade dos arredores da Eco Caminhos"},"content":{"rendered":"<span style=\"font-weight: 400;\">Jean Paul tem 57 anos e mora na Holanda. Al\u00e9m de consultor, ele <\/span><span style=\"font-weight: 400;\">\u00e9 um guia tur\u00edstico e especialista em observa\u00e7\u00e3o de p\u00e1ssaros que viaja ao redor do mundo pelo menos 3 vezes por ano. Jean Paul j\u00e1 havia visitado o Rio de Janeiro outras vezes, por\u00e9m com outros prop\u00f3sitos. Desta vez veio com o objetivo de contemplar e registrar a enorme biodiversidade que temos aqui na regi\u00e3o.<\/span><\/p>\n<p><a href=\"https:\/\/ecocaminhos.com\/wp-content\/uploads\/2020\/12\/IMG_0013-scaled.jpg\"><img loading=\"lazy\" decoding=\"async\" class=\"aligncenter size-full wp-image-19319\" src=\"https:\/\/ecocaminhos.com\/wp-content\/uploads\/2020\/12\/IMG_0013-scaled.jpg\" alt=\"\" width=\"2560\" height=\"1706\" title=\"\" srcset=\"https:\/\/ecocaminhos.com\/wp-content\/uploads\/2020\/12\/IMG_0013-scaled.jpg 2560w, https:\/\/ecocaminhos.com\/wp-content\/uploads\/2020\/12\/IMG_0013-300x200.jpg 300w, https:\/\/ecocaminhos.com\/wp-content\/uploads\/2020\/12\/IMG_0013-1024x683.jpg 1024w, https:\/\/ecocaminhos.com\/wp-content\/uploads\/2020\/12\/IMG_0013-768x512.jpg 768w, https:\/\/ecocaminhos.com\/wp-content\/uploads\/2020\/12\/IMG_0013-1536x1024.jpg 1536w, https:\/\/ecocaminhos.com\/wp-content\/uploads\/2020\/12\/IMG_0013-2048x1365.jpg 2048w, https:\/\/ecocaminhos.com\/wp-content\/uploads\/2020\/12\/IMG_0013-672x448.jpg 672w, https:\/\/ecocaminhos.com\/wp-content\/uploads\/2020\/12\/IMG_0013-1100x733.jpg 1100w, https:\/\/ecocaminhos.com\/wp-content\/uploads\/2020\/12\/IMG_0013-260x173.jpg 260w, https:\/\/ecocaminhos.com\/wp-content\/uploads\/2020\/12\/IMG_0013-360x240.jpg 360w, https:\/\/ecocaminhos.com\/wp-content\/uploads\/2020\/12\/IMG_0013-560x373.jpg 560w, https:\/\/ecocaminhos.com\/wp-content\/uploads\/2020\/12\/IMG_0013-900x600.jpg 900w, https:\/\/ecocaminhos.com\/wp-content\/uploads\/2020\/12\/IMG_0013-1800x1200.jpg 1800w\" sizes=\"auto, (max-width: 2560px) 100vw, 2560px\" \/><\/a><\/p>\n<p>&nbsp;<\/p>\n<p><span style=\"font-weight: 400;\">Na entrevista, Jean fala sobre o que o trouxe de volta para o Brasil, uma rede social online chamada <a href=\"http:\/\/inaturalist.org\" target=\"_blank\" rel=\"noopener\">iNaturalist<\/a>, em que as pessoas compartilham fotos e informa\u00e7\u00f5es sobre a biodiversidade de v\u00e1rios locais para ajudar uns aos outros a aprender sobre a natureza ao mesmo tempo que a contempla. Ele diz que ficou intrigado ao descobrir que o iNaturalist funciona muito bem na Europa e no Estados Unidos mas no Brasil \u00e9 preciso mais observa\u00e7\u00f5es para fazer com que o programa funcione. Decidiu ent\u00e3o vir para c\u00e1 fazer os registros fotogr\u00e1ficos da regi\u00e3o e voc\u00ea pode conferir seu projeto <span style=\"color: #ff6600;\"><a style=\"color: #ff6600;\" href=\"https:\/\/ecuador.inaturalist.org\/projects\/caledonia-biodiversity-celebration\" target=\"_blank\" rel=\"noopener\">aqui<\/a><\/span>.<\/span><\/p>\n<p><span style=\"font-weight: 400;\">Ao perguntarmos o que o fez escolher a Eco Caminhos como sede dessa experi\u00eancia, ele diz que a princ\u00edpio procurou um lugar pr\u00f3ximo ao Pico da Caled\u00f4nia, uma das maiores montanhas do estado do Rio de Janeiro. Devido \u00e0 exist\u00eancia de uma enorme variedade de vegeta\u00e7\u00e3o, muitas nascentes de \u00e1gua e a presen\u00e7a de animais silvestres, em seu entorno foi criada uma \u00e1rea de prote\u00e7\u00e3o ambiental pelo munic\u00edpio de Nova Friburgo, conhecida como APA do Caled\u00f4nia. A Eco Caminhos fica a 10 km dessa \u00e1rea e entrando em contato conosco Jean percebeu que aqui era o lugar ideal para essa experi\u00eancia.<\/span><\/p>\n<p><span style=\"font-weight: 400;\">Se o Rio de Janeiro \u00e9 considerada a cidade do mundo com o maior n\u00famero de esp\u00e9cies de aves, os arredores da fazenda, localizada em Nova Friburgo, tem outro tanto nada desprez\u00edvel em sua rica biodiversidade. Basta observar! Especialistas destacam que o estado do Rio \u00e9 privilegiado, e apesar de seu pequeno territ\u00f3rio, o estado tem 730 das mais de 1.919 esp\u00e9cies registradas no Brasil pelo <a href=\"http:\/\/www.cbro.org.br\/wp-content\/uploads\/2020\/06\/Piacentini-et-al-2015-RBO.pdf\" target=\"_blank\" rel=\"noopener\">Comit\u00ea Brasileiro de Registros Ornitol\u00f3gicos<\/a>. O pa\u00eds \u00e9 o segundo em avifauna, atr\u00e1s apenas da Col\u00f4mbia.<\/span><\/p>\n<p><span style=\"font-weight: 400;\">N\u00f3s somos uma eco fazenda autossustent\u00e1vel, situada numa regi\u00e3o de deslumbrantes montanhas da Mata Atl\u00e2ntica em Nova Friburgo no estado do Rio de Janeiro. Sem d\u00favidas podemos proporcionar uma experi\u00eancia incr\u00edvel n\u00e3o s\u00f3 aos amantes de p\u00e1ssaros, mas a todos os amantes da natureza! Venha viver uma <a href=\"https:\/\/ecocaminhos.com\/eco-experience-brazil-1-4-weeks\/\">Eco Experi\u00eancia<\/a> conosco!<\/span><\/p>\n<p>&nbsp;<\/p>\n<p><span style=\"font-weight: 400;\">Confira tamb\u00e9m o v\u00eddeo da entrevista:<\/span><\/p>\n<p><iframe loading=\"lazy\" title=\"Birdwatching in Brazil - Interview Jean Paul (iNaturalist)\" width=\"500\" height=\"281\" src=\"https:\/\/www.youtube.com\/embed\/-hnq9ikZN08?feature=oembed\" frameborder=\"0\" allow=\"accelerometer; autoplay; clipboard-write; encrypted-media; gyroscope; picture-in-picture; web-share\" referrerpolicy=\"strict-origin-when-cross-origin\" allowfullscreen><\/iframe>","protected":false},"excerpt":{"rendered":"<p>Jean Paul tem 57 anos e mora na Holanda. Al\u00e9m de consultor, ele \u00e9 um guia tur\u00edstico e especialista em observa\u00e7\u00e3o de p\u00e1ssaros que viaja ao redor do mundo pelo [&hellip;]<\/p>\n","protected":false},"author":4,"featured_media":19319,"comment_status":"closed","ping_status":"open","sticky":false,"template":"","format":"standard","meta":{"footnotes":"","_links_to":"","_links_to_target":""},"categories":[297],"tags":[],"class_list":["post-19318","post","type-post","status-publish","format-standard","has-post-thumbnail","hentry","category-tourism"],"jetpack_featured_media_url":"https:\/\/ecocaminhos.com\/wp-content\/uploads\/2020\/12\/IMG_0013-scaled.jpg","rttpg_featured_image_url":{"full":["https:\/\/ecocaminhos.com\/wp-content\/uploads\/2020\/12\/IMG_0013-scaled.jpg",2560,1706,false],"landscape":["https:\/\/ecocaminhos.com\/wp-content\/uploads\/2020\/12\/IMG_0013-scaled.jpg",2560,1706,false],"portraits":["https:\/\/ecocaminhos.com\/wp-content\/uploads\/2020\/12\/IMG_0013-scaled.jpg",2560,1706,false],"thumbnail":["https:\/\/ecocaminhos.com\/wp-content\/uploads\/2020\/12\/IMG_0013-150x150.jpg",150,150,true],"medium":["https:\/\/ecocaminhos.com\/wp-content\/uploads\/2020\/12\/IMG_0013-300x200.jpg",300,200,true],"large":["https:\/\/ecocaminhos.com\/wp-content\/uploads\/2020\/12\/IMG_0013-1024x683.jpg",1024,683,true],"1536x1536":["https:\/\/ecocaminhos.com\/wp-content\/uploads\/2020\/12\/IMG_0013-1536x1024.jpg",1536,1024,true],"2048x2048":["https:\/\/ecocaminhos.com\/wp-content\/uploads\/2020\/12\/IMG_0013-2048x1365.jpg",2048,1365,true],"classic-grid-listing":["https:\/\/ecocaminhos.com\/wp-content\/uploads\/2020\/12\/IMG_0013-scaled.jpg",600,400,false],"classic-list-listing":["https:\/\/ecocaminhos.com\/wp-content\/uploads\/2020\/12\/IMG_0013-scaled.jpg",240,160,false],"modern-grid-listing":["https:\/\/ecocaminhos.com\/wp-content\/uploads\/2020\/12\/IMG_0013-scaled.jpg",576,384,false],"product-page-image":["https:\/\/ecocaminhos.com\/wp-content\/uploads\/2020\/12\/IMG_0013-scaled.jpg",600,400,false],"product-category-page-image":["https:\/\/ecocaminhos.com\/wp-content\/uploads\/2020\/12\/IMG_0013-scaled.jpg",600,400,false],"swmsc-related-posts":["https:\/\/ecocaminhos.com\/wp-content\/uploads\/2020\/12\/IMG_0013-scaled.jpg",500,333,false],"swmsc-recent-post-tiny":["https:\/\/ecocaminhos.com\/wp-content\/uploads\/2020\/12\/IMG_0013-scaled.jpg",90,60,false],"swmsc-grid-image":["https:\/\/ecocaminhos.com\/wp-content\/uploads\/2020\/12\/IMG_0013-scaled.jpg",670,446,false],"swmsc-square-image":["https:\/\/ecocaminhos.com\/wp-content\/uploads\/2020\/12\/IMG_0013-scaled.jpg",670,446,false],"swmsc-blog-featured":["https:\/\/ecocaminhos.com\/wp-content\/uploads\/2020\/12\/IMG_0013-scaled.jpg",780,520,false],"woocommerce_thumbnail":["https:\/\/ecocaminhos.com\/wp-content\/uploads\/2020\/12\/IMG_0013-scaled-150x150.jpg",150,150,true],"woocommerce_single":["https:\/\/ecocaminhos.com\/wp-content\/uploads\/2020\/12\/IMG_0013-300x200.jpg",300,200,true],"woocommerce_gallery_thumbnail":["https:\/\/ecocaminhos.com\/wp-content\/uploads\/2020\/12\/IMG_0013-scaled-100x100.jpg",100,100,true],"ecoworld-blog-featured":["https:\/\/ecocaminhos.com\/wp-content\/uploads\/2020\/12\/IMG_0013-scaled.jpg",780,520,false],"ecoworld-blog-full":["https:\/\/ecocaminhos.com\/wp-content\/uploads\/2020\/12\/IMG_0013-scaled.jpg",780,520,false],"ecoworld-related-posts":["https:\/\/ecocaminhos.com\/wp-content\/uploads\/2020\/12\/IMG_0013-scaled.jpg",500,333,false],"ecoworld-recent-post-tiny":["https:\/\/ecocaminhos.com\/wp-content\/uploads\/2020\/12\/IMG_0013-scaled.jpg",90,60,false],"ecoworld-grid-image":["https:\/\/ecocaminhos.com\/wp-content\/uploads\/2020\/12\/IMG_0013-scaled.jpg",670,446,false],"ecoworld-standard":["https:\/\/ecocaminhos.com\/wp-content\/uploads\/2020\/12\/IMG_0013-scaled.jpg",670,446,false],"ecoworld-square-image":["https:\/\/ecocaminhos.com\/wp-content\/uploads\/2020\/12\/IMG_0013-scaled.jpg",670,446,false]},"rttpg_author":{"display_name":"bart bijen","author_link":"https:\/\/ecocaminhos.com\/br\/blog\/author\/bart\/"},"rttpg_comment":0,"rttpg_category":"<a href=\"https:\/\/ecocaminhos.com\/br\/blog\/category\/tourism\/\" rel=\"category tag\">Turismo<\/a>","rttpg_excerpt":"Jean Paul tem 57 anos e mora na Holanda. Al\u00e9m de consultor, ele \u00e9 um guia tur\u00edstico e especialista em observa\u00e7\u00e3o de p\u00e1ssaros que viaja ao redor do mundo pelo [&hellip;]","post_mailing_queue_ids":[],"_links":{"self":[{"href":"https:\/\/ecocaminhos.com\/br\/wp-json\/wp\/v2\/posts\/19318","targetHints":{"allow":["GET"]}}],"collection":[{"href":"https:\/\/ecocaminhos.com\/br\/wp-json\/wp\/v2\/posts"}],"about":[{"href":"https:\/\/ecocaminhos.com\/br\/wp-json\/wp\/v2\/types\/post"}],"author":[{"embeddable":true,"href":"https:\/\/ecocaminhos.com\/br\/wp-json\/wp\/v2\/users\/4"}],"replies":[{"embeddable":true,"href":"https:\/\/ecocaminhos.com\/br\/wp-json\/wp\/v2\/comments?post=19318"}],"version-history":[{"count":5,"href":"https:\/\/ecocaminhos.com\/br\/wp-json\/wp\/v2\/posts\/19318\/revisions"}],"predecessor-version":[{"id":19372,"href":"https:\/\/ecocaminhos.com\/br\/wp-json\/wp\/v2\/posts\/19318\/revisions\/19372"}],"wp:featuredmedia":[{"embeddable":true,"href":"https:\/\/ecocaminhos.com\/br\/wp-json\/wp\/v2\/media\/19319"}],"wp:attachment":[{"href":"https:\/\/ecocaminhos.com\/br\/wp-json\/wp\/v2\/media?parent=19318"}],"wp:term":[{"taxonomy":"category","embeddable":true,"href":"https:\/\/ecocaminhos.com\/br\/wp-json\/wp\/v2\/categories?post=19318"},{"taxonomy":"post_tag","embeddable":true,"href":"https:\/\/ecocaminhos.com\/br\/wp-json\/wp\/v2\/tags?post=19318"}],"curies":[{"name":"wp","href":"https:\/\/api.w.org\/{rel}","templated":true}]}}