{"id":26533,"date":"2024-11-06T11:01:00","date_gmt":"2024-11-06T14:01:00","guid":{"rendered":"https:\/\/ecocaminhos.com\/?p=26533"},"modified":"2024-11-12T18:56:45","modified_gmt":"2024-11-12T21:56:45","slug":"portugues-apprentices-forge-new-paths-towards-a-greener-future","status":"publish","type":"post","link":"https:\/\/ecocaminhos.com\/br\/blog\/aprendizagem-permacultura\/","title":{"rendered":"Criando Novos Caminhos Rumo a um Futuro Verde Atrav\u00e9s da Aprendizagem"},"content":{"rendered":"<div class=\"wpb-content-wrapper\">[vc_row][vc_column]<div   >\n\t\t\t\t\t\t<div class=\"swmsc_container\">\n\t\t\t\t\t\t\t<div  class=\"swmsc_text_block\" > <span style=\"font-weight: 400;\"> Aqui na nossa fazenda Eco Caminhos, estamos abrindo caminhos atrav\u00e9s de inova\u00e7\u00e3o ecol\u00f3gica em agricultura, constru\u00e7\u00e3o, turismo e vivencias di\u00e1rias. Atrav\u00e9s do <\/span>programa de aprendizagem<span style=\"font-weight: 400;\">, apoiamos os participantes a criar novos caminhos mais ecol\u00f3gicos em suas jornadas pessoais e profissionais. O programa de aprendizagem oferece treinamento pr\u00e1tico em agrofloresta, bioconstru\u00e7\u00e3o e\/ou comunica\u00e7\u00e3o para preparar os participantes com habilidades t\u00e9cnicas altamente procuradas nessas \u00e1reas. O programa tamb\u00e9m promove o desenvolvimento de habilidades interpessoais, como comunica\u00e7\u00e3o, disciplina e trabalho em equipe. Os aprendizes frequentemente fazem a transi\u00e7\u00e3o para empregos aqui na fazenda, como Rodrigo e Wallacy, que come\u00e7aram no programa de aprendizagem e agora fazem parte da equipe. Outros aplicam as habilidades adquiridas em outros contextos. Atualmente, temos cinco aprendizes em nosso programa que se juntaram \u00e0 nossa equipe para come\u00e7ar novos caminhos como profissionais de permacultura. Continue lendo para saber mais sobre as jornadas deles aqui na Eco Caminhos!<\/span><\/div>\n\t\t\t\t\t\t\t<div class=\"clear\"><\/div>\n\t\t\t\t\t\t<\/div>\n\t\t\t\t\t<\/div>[\/vc_column][\/vc_row][vc_row][vc_column]<div   >\n\t\t\t\t\t\t<div class=\"swmsc_container\">\n\t\t\t\t\t\t\t<div  class=\"clear swmsc_gap\" style=\"margin:30px 0 0 0;\"><\/div>\n\t\t\t\t\t\t\t<div class=\"clear\"><\/div>\n\t\t\t\t\t\t<\/div>\n\t\t\t\t\t<\/div>[\/vc_column][\/vc_row][vc_row][vc_column css=&#8221;.vc_custom_1730902642126{margin-right: 25px !important;margin-left: 25px !important;border-right-width: 25px !important;}&#8221;]<div   >\n\t\t\t\t\t\t<div class=\"swmsc_container\">\n\t\t\t\t\t\t\t<div  class=\"swmsc_text_block\" > \n<h3>Alieska<\/h3>\n<h4 style=\"text-align: justify;\"><strong>&#8220;O que me motivou a ingressar no programa foi pela Eco Caminhos ser um projeto agroflorestal, onde eu teria a possibilidade de trabalhar com prop\u00f3sito, juntamente da minha busca por uma forma mais sustent\u00e1vel de trabalhar com a arquitetura e a oportunidade de ampliar meus conhecimentos sobre Bioconstru\u00e7\u00e3o e Permacultura na pr\u00e1tica.&#8221;<\/strong><\/h4>\n<\/div><div  class=\"clear swmsc_gap\" style=\"margin:10px 0 0 0;\"><\/div>\n\t\t\t\t\t\t\t<div class=\"clear\"><\/div>\n\t\t\t\t\t\t<\/div>\n\t\t\t\t\t<\/div>[\/vc_column][\/vc_row][vc_row][vc_column width=&#8221;1\/2&#8243; css=&#8221;.vc_custom_1730902533090{margin-left: 50px !important;border-left-width: 25px !important;}&#8221;]<div   >\n\t\t\t\t\t\t<div class=\"swmsc_container\">\n\t\t\t\t\t\t\t<div   >\n\t\t\t\t\t\t<div class=\"swmsc_image_gallery swmsc_gal1  \" data-grid=\"masonry\" style=\"margin-right:-20px;\">\n\t\t\t\t\t\t\t\n        \t\t\t\t<div class=\"swmsc_image_gallery_item\">\n        \t\t\t\t\t<div style=\"padding-right:20px; padding-bottom:20px;\">\n\t        \t\t\t\t\t<a href=\"https:\/\/ecocaminhos.com\/wp-content\/uploads\/2024\/11\/architecture-apprenticeship-bioconstruction-natural-building-brazil.png\" class=\"swmsc_popup_gallery\" style=\"border-radius:;\" title=\"architecture apprenticeship bioconstruction natural building brazil\">\n\t\t        \t\t\t\t\t\t<img decoding=\"async\" style=\"border-width:0px;border-color:#e6e6e6; border-radius:;\" src=\"https:\/\/ecocaminhos.com\/wp-content\/uploads\/2024\/11\/architecture-apprenticeship-bioconstruction-natural-building-brazil.png\" alt=\"architecture apprenticeship bioconstruction natural building brazil\" title=\"\">\n\t\t        \t\t\t\t\t\t<span><i class=\"fa fa-search\" style=\"background-color:#f8b54e;color:#ffffff;\"><\/i><\/span>\n\t\t        \t\t\t\t\t<\/a>\n\t        \t\t\t\t\t\n\t        \t\t\t\t<\/div>\n        \t\t\t\t<\/div>\n\t\t\t\t\t\t<\/div>\n\t\t\t\t\t<\/div>\n\t\t\t\t\t\t\t<div class=\"clear\"><\/div>\n\t\t\t\t\t\t<\/div>\n\t\t\t\t\t<\/div>[\/vc_column][vc_column width=&#8221;1\/2&#8243;]<div   >\n\t\t\t\t\t\t<div class=\"swmsc_container\">\n\t\t\t\t\t\t\t<div  class=\"clear swmsc_gap\" style=\"margin:30px 0 0 0;\"><\/div><div  class=\"clear swmsc_gap\" style=\"margin:10px 0 0 0;\"><\/div><div  class=\"swmsc_text_block\" > \n<h4><span style=\"font-weight: 400;\"><strong>Idade:<\/strong> 32<\/span><\/h4>\n<h4><strong>Cidade natal:<\/strong> Passo Fundo, Rio Grande do Sul<\/h4>\n<h4><span style=\"font-weight: 400;\"><strong>\u00c1rea de foco:<\/strong> Bioconstru\u00e7\u00e3o<\/span><\/h4>\n<p style=\"text-align: justify;\"><span style=\"font-weight: 400;\">Alieska entrou no programa de aprendizagem da Eco Caminhos para colaborar no <a href=\"https:\/\/ecocaminhos.com\/ecolibrium\/\"><strong>Ecolibrium Space<\/strong><\/a>, um projeto que combina sua experi\u00eancia profissional em arquitetura com seu compromisso com a sustentabilidade e a equidade social. Ela trabalha com arquitetura h\u00e1 dez anos e ama viajar. Antes de vir para a Eco Caminhos, passou dois anos viajando pelo Brasil, conectando-se com novas pessoas e culturas. Aqui na Eco Caminhos, Alieska equilibra seu tempo entre design arquitet\u00f4nico, comunica\u00e7\u00e3o e trabalho pr\u00e1tico em <\/span><a href=\"https:\/\/ecocaminhos.com\/br\/bioconstrucao-construcao-sustentavel-brasil\/\"><b>bioconstru\u00e7\u00e3o<\/b><\/a><span style=\"font-weight: 400;\">. Seu olhar art\u00edstico tem sido valioso para criar <\/span><a href=\"https:\/\/ecocaminhos.com\/blog\/visiting-the-eco-lodge\/\"><b>posts no blog<\/b><\/a><span style=\"font-weight: 400;\"> e <\/span><a href=\"https:\/\/www.instagram.com\/p\/DA_fiy-RFEw\/\" target=\"_blank\" rel=\"noopener\"><b>reels<\/b><\/a><span style=\"font-weight: 400;\"> sobre nossos projetos de bioconstru\u00e7\u00e3o. Durante uma visita recente com <\/span><a href=\"https:\/\/ecocaminhos.com\/br\/voluntariado-de-curto-prazo\/\"><b>volunt\u00e1rios<\/b><\/a><span style=\"font-weight: 400;\"> da Fran\u00e7a, ela inspirou outras arquitetas mulheres a superarem os preconceitos sobre o que as mulheres poderiam realizar em um canteiro de obras, enquanto trabalhavam juntas para construir paredes internas para banheiros comunit\u00e1rios. Ela tamb\u00e9m compartilhou com os volunt\u00e1rios a descoberta da deliciosa fruta brasileira jabuticaba, que a faz lembrar da sua inf\u00e2ncia, quando comia direto da \u00e1rvore na casa de sua av\u00f3. Seu profundo apre\u00e7o pela natureza continuar\u00e1 a gui\u00e1-la enquanto ela constr\u00f3i seu caminho \u00fanico no campo da arquitetura sustent\u00e1vel. Construir com Alieska tem sido inspirador e estamos ansiosos para ver seus planos futuros se desdobrarem.<\/span><\/p>\n<\/div>\n\t\t\t\t\t\t\t<div class=\"clear\"><\/div>\n\t\t\t\t\t\t<\/div>\n\t\t\t\t\t<\/div>[\/vc_column][\/vc_row][vc_row][vc_column css=&#8221;.vc_custom_1730902642126{margin-right: 25px !important;margin-left: 25px !important;border-right-width: 25px !important;}&#8221;]<div   >\n\t\t\t\t\t\t<div class=\"swmsc_container\">\n\t\t\t\t\t\t\t<div  class=\"swmsc_text_block\" > \n<\/div>\n\t\t\t\t\t\t\t<div class=\"clear\"><\/div>\n\t\t\t\t\t\t<\/div>\n\t\t\t\t\t<\/div>[\/vc_column][\/vc_row][vc_row][vc_column css=&#8221;.vc_custom_1730902642126{margin-right: 25px !important;margin-left: 25px !important;border-right-width: 25px !important;}&#8221;]<div   >\n\t\t\t\t\t\t<div class=\"swmsc_container\">\n\t\t\t\t\t\t\t<div  class=\"swmsc_text_block\" > \n<h3><strong>Amadeus<\/strong><\/h3>\n<h4><b>&#8220;Quero aprender o m\u00e1ximo poss\u00edvel sobre agrofloresta e melhorar meu ingl\u00eas interagindo com pessoas que v\u00eam de diversas partes do mundo. Quero usar o que aprendi aqui para fazer agrofloresta no Acre, de onde minha m\u00e3e vem.&#8221;<\/b><\/h4>\n<\/div><div  class=\"clear swmsc_gap\" style=\"margin:10px 0 0 0;\"><\/div>\n\t\t\t\t\t\t\t<div class=\"clear\"><\/div>\n\t\t\t\t\t\t<\/div>\n\t\t\t\t\t<\/div>[\/vc_column][\/vc_row][vc_row][vc_column width=&#8221;1\/2&#8243; css=&#8221;.vc_custom_1730902533090{margin-left: 50px !important;border-left-width: 25px !important;}&#8221;]<div   >\n\t\t\t\t\t\t<div class=\"swmsc_container\">\n\t\t\t\t\t\t\t<div   >\n\t\t\t\t\t\t<div class=\"swmsc_image_gallery swmsc_gal1  \" data-grid=\"masonry\" style=\"margin-right:-20px;\">\n\t\t\t\t\t\t\t\n        \t\t\t\t<div class=\"swmsc_image_gallery_item\">\n        \t\t\t\t\t<div style=\"padding-right:20px; padding-bottom:20px;\">\n\t        \t\t\t\t\t<a href=\"https:\/\/ecocaminhos.com\/wp-content\/uploads\/2024\/11\/Screen-Shot-2024-11-07-at-11.32.41-AM.png\" class=\"swmsc_popup_gallery\" style=\"border-radius:;\" title=\"agroforestry-apprentice-permaculture-training-brazil\">\n\t\t        \t\t\t\t\t\t<img decoding=\"async\" style=\"border-width:0px;border-color:#e6e6e6; border-radius:;\" src=\"https:\/\/ecocaminhos.com\/wp-content\/uploads\/2024\/11\/Screen-Shot-2024-11-07-at-11.32.41-AM.png\" alt=\"agroforestry-apprentice-permaculture-training-brazil\" title=\"\">\n\t\t        \t\t\t\t\t\t<span><i class=\"fa fa-search\" style=\"background-color:#f8b54e;color:#ffffff;\"><\/i><\/span>\n\t\t        \t\t\t\t\t<\/a>\n\t        \t\t\t\t\t\n\t        \t\t\t\t<\/div>\n        \t\t\t\t<\/div>\n\t\t\t\t\t\t<\/div>\n\t\t\t\t\t<\/div>\n\t\t\t\t\t\t\t<div class=\"clear\"><\/div>\n\t\t\t\t\t\t<\/div>\n\t\t\t\t\t<\/div>[\/vc_column][vc_column width=&#8221;1\/2&#8243;]<div   >\n\t\t\t\t\t\t<div class=\"swmsc_container\">\n\t\t\t\t\t\t\t<div  class=\"clear swmsc_gap\" style=\"margin:30px 0 0 0;\"><\/div><div  class=\"clear swmsc_gap\" style=\"margin:10px 0 0 0;\"><\/div><div  class=\"swmsc_text_block\" > \n<h4><span style=\"font-weight: 400;\"><strong>Idade:<\/strong> 20<\/span><\/h4>\n<h4><span style=\"font-weight: 400;\"><strong>Cidade natal:<\/strong> Ehingen, Alemanha<\/span><\/h4>\n<h4><span style=\"font-weight: 400;\"><strong>\u00c1rea de foco:<\/strong> Agrofloresta<\/span><\/h4>\n<p><span style=\"font-weight: 400;\">Antes de ingressar no programa de aprendizagem, Amadeus havia se formado recentemente no ensino m\u00e9dio. Depois de um trabalho tempor\u00e1rio na constru\u00e7\u00e3o civil na Su\u00ed\u00e7a, voltou para casa, na Alemanha, sem certeza do que faria a seguir. Ele se lembrava com carinho de seu tempo <\/span><a href=\"https:\/\/ecocaminhos.com\/br\/voluntariado-de-curto-prazo\/\"><b>como volunt\u00e1rio<\/b><\/a><span style=\"font-weight: 400;\"> na Eco Caminhos no ano anterior e decidiu se inscrever no <\/span>programa de aprendizagem<span style=\"font-weight: 400;\"> para aprender mais sobre <\/span><a href=\"https:\/\/ecocaminhos.com\/br\/agrofloresta\/\"><b>agrofloresta<\/b><\/a><span style=\"font-weight: 400;\">. Durante seu tempo como aprendiz, Amadeus desenvolveu uma vis\u00e3o para si mesmo, um compromisso com o trabalho \u00e1rduo e aprendeu a viver em comunidade com outras pessoas. Ele nos conta v\u00e1rias hist\u00f3rias de suas f\u00e9rias de inf\u00e2ncia no Acre, na regi\u00e3o amaz\u00f4nica onde sua m\u00e3e nasceu. Amadeus planeja levar o que aprendeu aqui de volta para a terra de sua fam\u00edlia, para criar um projeto de agrofloresta. Essa regi\u00e3o plana, quente e \u00famida contrasta com a eleva\u00e7\u00e3o e o clima fresco aqui nas montanhas, especialmente o sistema de agrofloresta mais \u00edngreme da nossa fazenda, o SAF 4, pelo qual ele \u00e9 respons\u00e1vel. Trabalhar em um terreno e clima diferentes ser\u00e1 um novo desafio para Amadeus, mas com sua intui\u00e7\u00e3o agu\u00e7ada e as habilidades aprendidas aqui na Eco Caminhos, ele est\u00e1 bem preparado para um futuro abundante.<\/span><br \/>\n<\/div>\n\t\t\t\t\t\t\t<div class=\"clear\"><\/div>\n\t\t\t\t\t\t<\/div>\n\t\t\t\t\t<\/div>[\/vc_column][\/vc_row][vc_row][vc_column css=&#8221;.vc_custom_1730902642126{margin-right: 25px !important;margin-left: 25px !important;border-right-width: 25px !important;}&#8221;]<div   >\n\t\t\t\t\t\t<div class=\"swmsc_container\">\n\t\t\t\t\t\t\t<div  class=\"swmsc_text_block\" > \n<h3>Pedro<\/h3>\n<h4 style=\"text-align: justify;\"><strong>&#8220;O que me motivou a participar foi a vontade\/desejo de viver um pouco mais em contato com a natureza, e fazer uma pequena diferen\u00e7a dentro de um projeto de vida mais sustent\u00e1vel. O programa de Aprendiz da Eco Caminhos \u00e9 um projeto que eu vejo, que esta em uma faze de expans\u00e3o de conhecimentos sobre Bioconstru\u00e7\u00e3o e Agrofloresta juntamente com uma vivencia de dia a dia de uma Fazenda\/S\u00edtio.<\/strong><strong>&#8220;<\/strong><\/h4>\n<\/div><div  class=\"clear swmsc_gap\" style=\"margin:10px 0 0 0;\"><\/div>\n\t\t\t\t\t\t\t<div class=\"clear\"><\/div>\n\t\t\t\t\t\t<\/div>\n\t\t\t\t\t<\/div>[\/vc_column][\/vc_row][vc_row][vc_column width=&#8221;1\/2&#8243; css=&#8221;.vc_custom_1730902533090{margin-left: 50px !important;border-left-width: 25px !important;}&#8221;]<div   >\n\t\t\t\t\t\t<div class=\"swmsc_container\">\n\t\t\t\t\t\t\t<div   >\n\t\t\t\t\t\t<div class=\"swmsc_image_gallery swmsc_gal1  \" data-grid=\"masonry\" style=\"margin-right:-20px;\">\n\t\t\t\t\t\t\t\n        \t\t\t\t<div class=\"swmsc_image_gallery_item\">\n        \t\t\t\t\t<div style=\"padding-right:20px; padding-bottom:20px;\">\n\t        \t\t\t\t\t<a href=\"https:\/\/ecocaminhos.com\/wp-content\/uploads\/2024\/11\/DSC_0167.jpg\" class=\"swmsc_popup_gallery\" style=\"border-radius:;\" title=\"apprenticeship-regenerative-agriculture-animal-husbandry\">\n\t\t        \t\t\t\t\t\t<img decoding=\"async\" style=\"border-width:0px;border-color:#e6e6e6; border-radius:;\" src=\"https:\/\/ecocaminhos.com\/wp-content\/uploads\/2024\/11\/DSC_0167.jpg\" alt=\"\" title=\"\">\n\t\t        \t\t\t\t\t\t<span><i class=\"fa fa-search\" style=\"background-color:#f8b54e;color:#ffffff;\"><\/i><\/span>\n\t\t        \t\t\t\t\t<\/a>\n\t        \t\t\t\t\t\n\t        \t\t\t\t<\/div>\n        \t\t\t\t<\/div>\n\t\t\t\t\t\t<\/div>\n\t\t\t\t\t<\/div>\n\t\t\t\t\t\t\t<div class=\"clear\"><\/div>\n\t\t\t\t\t\t<\/div>\n\t\t\t\t\t<\/div>[\/vc_column][vc_column width=&#8221;1\/2&#8243;]<div   >\n\t\t\t\t\t\t<div class=\"swmsc_container\">\n\t\t\t\t\t\t\t<div  class=\"clear swmsc_gap\" style=\"margin:30px 0 0 0;\"><\/div><div  class=\"swmsc_text_block\" > \n<h4><strong>Idade<\/strong>: 41<\/h4>\n<h4><strong>Cidade natal<\/strong>: Dom Pedrito, Rio Grande do Sul<\/h4>\n<h4><strong>\u00c1rea de Foco<\/strong>: Bioconstru\u00e7\u00e3o<\/h4>\n<p style=\"text-align: justify;\">Antes de ingressar na equipe da Eco Caminhos, Pedro trabalhava em uma empresa que fornecia\u00a0tecnologia especializada em desenvolver solu\u00e7\u00f5es de monitoramento de vibra\u00e7\u00e3o e temperatura. O ambiente corporativo e as reuni\u00f5es di\u00e1rias n\u00e3o se alinhavam com sua disposi\u00e7\u00e3o pr\u00e1tica e orientada para a a\u00e7\u00e3o. Ele tamb\u00e9m desejava viver mais pr\u00f3ximo da natureza, o que o motivou a buscar uma mudan\u00e7a de vida e carreira por meio do programa de aprendizagem. Atualmente, Pedro est\u00e1 treinando com o mestre de obras Jorge em <a href=\"https:\/\/ecocaminhos.com\/br\/bioconstrucao-construcao-sustentavel-brasil\/\"><strong>bioconstru\u00e7\u00e3o<\/strong><\/a>, aplicando uma variedade de t\u00e9cnicas que utilizam materiais como argila, areia, palha e madeira. Juntos, transformaram dormentes de trilha de trem reciclados em <a href=\"https:\/\/www.youtube.com\/shorts\/A9PPtAdU99A\" target=\"_blank\" rel=\"noopener\"><strong>batentes\u00a0de portas e janelas<\/strong><\/a>, e agora est\u00e3o instalando o telhado do Ecolibrium Space, um pr\u00e9dio multifuncional e escola de permacultura que permitir\u00e1 \u00e0 Eco Caminhos expandir seus programas sociais e educacionais. Pedro tamb\u00e9m trabalha com as <a href=\"https:\/\/www.instagram.com\/p\/C_d2b3OtZPR\/?img_index=1\" target=\"_blank\" rel=\"noopener\"><strong>vacas<\/strong> <\/a>na fazenda e recentemente apresentou os membros mais jovens do rebanho a um grupo de crian\u00e7as de oito anos em visita \u00e0 fazenda. Ele tem um vasto conhecimento sobre plantas locais e, em seu tempo livre, usa a generosidade da natureza para preparar ch\u00e1s medicinais, tinturas e conservas saborosas que compartilha com a equipe. Pedro planeja permanecer na Eco Caminhos a longo prazo, e estamos ansiosos para ver como ele continuar\u00e1 aprendendo, construindo, ensinando e compartilhando com nossa comunidade.<\/p>\n<\/div>\n\t\t\t\t\t\t\t<div class=\"clear\"><\/div>\n\t\t\t\t\t\t<\/div>\n\t\t\t\t\t<\/div>[\/vc_column][\/vc_row][vc_row][vc_column css=&#8221;.vc_custom_1730902642126{margin-right: 25px !important;margin-left: 25px !important;border-right-width: 25px !important;}&#8221;]<div   >\n\t\t\t\t\t\t<div class=\"swmsc_container\">\n\t\t\t\t\t\t\t<div  class=\"swmsc_text_block\" > \n<h3>Geovani<\/h3>\n<h4 style=\"text-align: justify;\"><b>\u201cMinha paix\u00e3o pela natureza e o desejo de fazer a minha parte para ajudar e fortalecer nosso planeta foram um dos motivos que entrei na Eco Caminhos. Me sinto, profundamente, grato desde que me conectei com a mae natureza, e isso me traz paz. \u201d<\/b><\/h4>\n<\/div><div  class=\"clear swmsc_gap\" style=\"margin:10px 0 0 0;\"><\/div>\n\t\t\t\t\t\t\t<div class=\"clear\"><\/div>\n\t\t\t\t\t\t<\/div>\n\t\t\t\t\t<\/div>[\/vc_column][\/vc_row][vc_row][vc_column width=&#8221;1\/2&#8243; css=&#8221;.vc_custom_1730902533090{margin-left: 50px !important;border-left-width: 25px !important;}&#8221;]<div   >\n\t\t\t\t\t\t<div class=\"swmsc_container\">\n\t\t\t\t\t\t\t<div   >\n\t\t\t\t\t\t<div class=\"swmsc_image_gallery swmsc_gal1  \" data-grid=\"masonry\" style=\"margin-right:-20px;\">\n\t\t\t\t\t\t\t\n        \t\t\t\t<div class=\"swmsc_image_gallery_item\">\n        \t\t\t\t\t<div style=\"padding-right:20px; padding-bottom:20px;\">\n\t        \t\t\t\t\t<a href=\"https:\/\/ecocaminhos.com\/wp-content\/uploads\/2024\/11\/Screen-Shot-2024-11-07-at-10.18.58-AM.png\" class=\"swmsc_popup_gallery\" style=\"border-radius:;\" title=\"Screen Shot at .. AM\">\n\t\t        \t\t\t\t\t\t<img decoding=\"async\" style=\"border-width:0px;border-color:#e6e6e6; border-radius:;\" src=\"https:\/\/ecocaminhos.com\/wp-content\/uploads\/2024\/11\/Screen-Shot-2024-11-07-at-10.18.58-AM.png\" alt=\"Screen Shot at .. AM\" title=\"\">\n\t\t        \t\t\t\t\t\t<span><i class=\"fa fa-search\" style=\"background-color:#f8b54e;color:#ffffff;\"><\/i><\/span>\n\t\t        \t\t\t\t\t<\/a>\n\t        \t\t\t\t\t\n\t        \t\t\t\t<\/div>\n        \t\t\t\t<\/div>\n\t\t\t\t\t\t<\/div>\n\t\t\t\t\t<\/div>\n\t\t\t\t\t\t\t<div class=\"clear\"><\/div>\n\t\t\t\t\t\t<\/div>\n\t\t\t\t\t<\/div>[\/vc_column][vc_column width=&#8221;1\/2&#8243;]<div   >\n\t\t\t\t\t\t<div class=\"swmsc_container\">\n\t\t\t\t\t\t\t<div  class=\"clear swmsc_gap\" style=\"margin:30px 0 0 0;\"><\/div><div  class=\"swmsc_text_block\" > \n<div  class=\"swmsc_text_block\" > <\/div>\n<h4><span style=\"font-weight: 400;\"><strong>Idade:<\/strong> 21<\/span><\/h4>\n<h4><span style=\"font-weight: 400;\"><strong>Cidade Natal:<\/strong> Duque de Caxias, Rio de Janeiro<\/span><\/h4>\n<h4><span style=\"font-weight: 400;\"><strong>\u00c1rea de foco:<\/strong> Agrofloresta<\/span><\/h4>\n<p style=\"text-align: justify;\"><span style=\"font-weight: 400;\">Geovani conheceu a <\/span><a href=\"https:\/\/ecocaminhos.com\/br\/agrofloresta\/\"><strong>agrofloresta<\/strong><\/a><span style=\"font-weight: 400;\"> pela primeira vez enquanto passava um tempo na Casa do Caminhos em Xer\u00e9m, onde sua tia trabalhava quando ele era adolescente. Mais tarde, ele participou de uma <\/span>experi\u00eancia no<span style=\"font-weight: 400;\">\u00a0<\/span>programa de aprendizagem<span style=\"font-weight: 400;\"><a href=\"https:\/\/www.youtube.com\/watch?v=hqs8lZ5nCa0&amp;t=1s\" target=\"_blank\" rel=\"noopener\"><strong> aos 18 anos<\/strong><\/a>. Em maio, Geovani deixou um emprego de vendas em uma loja de artigos para casa para voltar ao programa de aprendizagem e receber mais treinamento em agrofloresta. Embora ele goste de lidar pessoas, o ambiente de trabalho excessivamente competitivo n\u00e3o era para ele. Com sua personalidade extrovertida, Geovani quase nunca falta nas noites sociais, especialmente nas noites de jogos, onde se destaca em jogos de estrat\u00e9gia. Esse pensamento estrat\u00e9gico tamb\u00e9m o ajuda no treinamento em agrofloresta, pois ele compreende os sistemas naturais complexos em jogo e trabalha com eles para garantir um sistema pr\u00f3spero. Na Eco Caminhos, ele \u00e9 respons\u00e1vel por dois SAFs (sistemas agroflorestais) e recentemente foi avaliar uma propriedade fora do local para a instala\u00e7\u00e3o de um sistema agroflorestal. Ele tamb\u00e9m aproveita muito a chance de interagir com visitantes e volunt\u00e1rios e est\u00e1 desenvolvendo seu ingl\u00eas e espanhol para se comunicar com mais pessoas. Geovani se imagina como empreendedor um dia, e temos certeza de que seu futuro \u00e9 t\u00e3o brilhante quanto seu sorriso.<\/span><\/p>\n<\/div>\n\t\t\t\t\t\t\t<div class=\"clear\"><\/div>\n\t\t\t\t\t\t<\/div>\n\t\t\t\t\t<\/div>[\/vc_column][\/vc_row][vc_row][vc_column css=&#8221;.vc_custom_1730902642126{margin-right: 25px !important;margin-left: 25px !important;border-right-width: 25px !important;}&#8221;]<div   >\n\t\t\t\t\t\t<div class=\"swmsc_container\">\n\t\t\t\t\t\t\t<div  class=\"swmsc_text_block\" > \n<h3>Rhana<\/h3>\n<h4 style=\"text-align: justify;\"><b>&#8220;Por ser estudante de biologia buscava um lugar onde eu pudesse colocar em pr\u00e1tica tudo que me foi ensinado, ao mesmo tempo procurava uma vida mais tranquila longe da cidade grande. Na Eco Caminhos pude desenvolver diversas habilidades novas e aprimorar experi\u00eancias passadas, al\u00e9m de viv\u00eanciar momentos \u00fanicos convivendo com diferentes cultura, animais e lugares.&#8221;<\/b><\/h4>\n<\/div><div  class=\"clear swmsc_gap\" style=\"margin:10px 0 0 0;\"><\/div>\n\t\t\t\t\t\t\t<div class=\"clear\"><\/div>\n\t\t\t\t\t\t<\/div>\n\t\t\t\t\t<\/div>[\/vc_column][\/vc_row][vc_row][vc_column width=&#8221;1\/2&#8243; css=&#8221;.vc_custom_1730902533090{margin-left: 50px !important;border-left-width: 25px !important;}&#8221;]<div   >\n\t\t\t\t\t\t<div class=\"swmsc_container\">\n\t\t\t\t\t\t\t<div   >\n\t\t\t\t\t\t<div class=\"swmsc_image_gallery swmsc_gal1  \" data-grid=\"masonry\" style=\"margin-right:-20px;\">\n\t\t\t\t\t\t\t\n        \t\t\t\t<div class=\"swmsc_image_gallery_item\">\n        \t\t\t\t\t<div style=\"padding-right:20px; padding-bottom:20px;\">\n\t        \t\t\t\t\t<a href=\"https:\/\/ecocaminhos.com\/wp-content\/uploads\/2024\/11\/Screen-Shot-2024-11-07-at-11.32.34-AM.png\" class=\"swmsc_popup_gallery\" style=\"border-radius:;\" title=\"apprentice-permaculture-agroforestry-natural-building\">\n\t\t        \t\t\t\t\t\t<img decoding=\"async\" style=\"border-width:0px;border-color:#e6e6e6; border-radius:;\" src=\"https:\/\/ecocaminhos.com\/wp-content\/uploads\/2024\/11\/Screen-Shot-2024-11-07-at-11.32.34-AM.png\" alt=\"apprentice-permaculture-agroforestry-natural-building\" title=\"\">\n\t\t        \t\t\t\t\t\t<span><i class=\"fa fa-search\" style=\"background-color:#f8b54e;color:#ffffff;\"><\/i><\/span>\n\t\t        \t\t\t\t\t<\/a>\n\t        \t\t\t\t\t\n\t        \t\t\t\t<\/div>\n        \t\t\t\t<\/div>\n\t\t\t\t\t\t<\/div>\n\t\t\t\t\t<\/div>\n\t\t\t\t\t\t\t<div class=\"clear\"><\/div>\n\t\t\t\t\t\t<\/div>\n\t\t\t\t\t<\/div>[\/vc_column][vc_column width=&#8221;1\/2&#8243;]<div   >\n\t\t\t\t\t\t<div class=\"swmsc_container\">\n\t\t\t\t\t\t\t<div  class=\"clear swmsc_gap\" style=\"margin:30px 0 0 0;\"><\/div><div  class=\"clear swmsc_gap\" style=\"margin:30px 0 0 0;\"><\/div><div  class=\"swmsc_text_block\" > \n<h4><span style=\"font-weight: 400;\"><strong>Idade:<\/strong> 21<\/span><\/h4>\n<h4><span style=\"font-weight: 400;\"><strong>Cidade Natal:<\/strong> Nova Igua\u00e7u, Rio de Janeiro<\/span><\/h4>\n<h4><span style=\"font-weight: 400;\"><strong>\u00c1rea de foco:<\/strong> Comunica\u00e7\u00e3o<\/span><span style=\"font-weight: 400;\">\u00a0<\/span><\/h4>\n<p style=\"text-align: justify;\"><span style=\"font-weight: 400;\">Rhana \u00e9 estudante de biologia na UFRJ e antes de concluir seus estudos, ela queria ganhar alguma experi\u00eancia pr\u00e1tica no campo. Ela sentia falta da vida no campo que experimentou na sitio da av\u00f3. Na Eco Caminhos, Rhana trabalha principalmente na comunica\u00e7\u00e3o, mas tamb\u00e9m contribui com as equipes de <\/span><a href=\"https:\/\/ecocaminhos.com\/br\/agrofloresta\/\"><b>agrofloresta<\/b><\/a><span style=\"font-weight: 400;\"> e <\/span><a href=\"https:\/\/ecocaminhos.com\/br\/bioconstrucao-construcao-sustentavel-brasil\/\"><b>bioconstru\u00e7\u00e3o<\/b><\/a><span style=\"font-weight: 400;\"> durante seu tempo aqui. Al\u00e9m de criar v\u00eddeos educacionais, Rhana \u00e9 respons\u00e1vel por uma campanha de e-mail marketing para manter as pessoas informadas sobre o que est\u00e1 acontecendo na Eco Caminhos. Recentemente, ela liderou uma ca\u00e7a ao tesouro \u00e9pico para um grupo de <\/span><a href=\"https:\/\/ecocaminhos.com\/br\/familia-criancas-vivencia-4-7-dias\/\"><b>crian\u00e7as na fazenda<\/b><\/a><span style=\"font-weight: 400;\">. Mesmo fora do expediente, Rhana est\u00e1 explorando e aprendendo sempre que pode. Durante o almo\u00e7o, ela costuma estar lendo e, depois do trabalho, provavelmente est\u00e1 participando de algum curso, seja de nata\u00e7\u00e3o, fotografia ou ESG. Conforme tra\u00e7a seu caminho profissional, Rhana quer continuar explorando a produ\u00e7\u00e3o de v\u00eddeos, a educa\u00e7\u00e3o ambiental e seu interesse em biologia. Combinando essas habilidades, h\u00e1 muitas dire\u00e7\u00f5es para onde Rhana pode levar sua carreira, e com certeza estaremos acompanhando as grandes realiza\u00e7\u00f5es dela.<\/span><\/p>\n<\/div>\n\t\t\t\t\t\t\t<div class=\"clear\"><\/div>\n\t\t\t\t\t\t<\/div>\n\t\t\t\t\t<\/div>[\/vc_column][\/vc_row][vc_row][vc_column]<div   >\n\t\t\t\t\t\t<div class=\"swmsc_container\">\n\t\t\t\t\t\t\t<div  class=\"clear swmsc_gap\" style=\"margin:30px 0 0 0;\"><\/div><div  class=\"swmsc_text_block\" > \n<h3><b>Patrocine um Aprendiz!<\/b><\/h3>\n<p><span style=\"font-weight: 400;\">Agradecemos aos nossos patrocinadores por tornar poss\u00edvel o <\/span>programa de aprendizagem<span style=\"font-weight: 400;\">\u00a0na Eco Caminhos. Estamos interessados em formar parcerias com organiza\u00e7\u00f5es e indiv\u00edduos que desejam patrocinar futuros aprendizes que possam se encaixar bem no nosso programa. Seja para <\/span><a href=\"https:\/\/ecocaminhos.com\/br\/contato\/\"><b>patrocinar<\/b><\/a><span style=\"font-weight: 400;\"> algu\u00e9m que voc\u00ea conhece como aprendiz ou doar para apoiar um aprendiz que j\u00e1 faz parte da equipe, somos gratos por suas contribui\u00e7\u00f5es, pois elas preparam cada participante e nosso mundo para um futuro melhor.<\/span><\/div>\n\t\t\t\t\t\t\t<div class=\"clear\"><\/div>\n\t\t\t\t\t\t<\/div>\n\t\t\t\t\t<\/div>[\/vc_column][\/vc_row][vc_row][vc_column]<div   >\n\t\t\t\t\t\t<div class=\"swmsc_container\">\n\t\t\t\t\t\t\t<div  class=\"clear swmsc_gap\" style=\"margin:30px 0 0 0;\"><\/div><div   >\n\t\t\t\t\t\t<div class=\"swmsc_image_gallery swmsc_gal1  \" data-grid=\"masonry\" style=\"margin-right:-20px;\">\n\t\t\t\t\t\t\t\n        \t\t\t\t<div class=\"swmsc_image_gallery_item\">\n        \t\t\t\t\t<div style=\"padding-right:20px; padding-bottom:20px;\">\n\t        \t\t\t\t\t<a href=\"https:\/\/ecocaminhos.com\/wp-content\/uploads\/2024\/11\/Gray-Minimalist-Aesthetic-Fashion-Facebook-Cover-e1730998594898.png\" class=\"swmsc_popup_gallery\" style=\"border-radius:0;\" title=\"Apprentice-program-natural-building-bioconstruction-permaculture-sustainability\">\n\t\t        \t\t\t\t\t\t<img decoding=\"async\" style=\"border-width:0px;border-color:#e6e6e6; border-radius:0;\" src=\"https:\/\/ecocaminhos.com\/wp-content\/uploads\/2024\/11\/Gray-Minimalist-Aesthetic-Fashion-Facebook-Cover-e1730998594898.png\" alt=\"Apprentice-program-natural-building-bioconstruction-permaculture-sustainability\" title=\"\">\n\t\t        \t\t\t\t\t\t<span><i class=\"fa fa-search\" style=\"background-color:#f8b54e;color:#ffffff;\"><\/i><\/span>\n\t\t        \t\t\t\t\t<\/a>\n\t        \t\t\t\t\t\n\t        \t\t\t\t<\/div>\n        \t\t\t\t<\/div>\n\t\t\t\t\t\t<\/div>\n\t\t\t\t\t<\/div>\n\t\t\t\t\t\t\t<div class=\"clear\"><\/div>\n\t\t\t\t\t\t<\/div>\n\t\t\t\t\t<\/div>[\/vc_column][\/vc_row]\n<\/div>","protected":false},"excerpt":{"rendered":"<p>[vc_row][vc_column][\/vc_column][\/vc_row][vc_row][vc_column][\/vc_column][\/vc_row][vc_row][vc_column css=&#8221;.vc_custom_1730902642126{margin-right: 25px !important;margin-left: 25px !important;border-right-width: 25px !important;}&#8221;][\/vc_column][\/vc_row][vc_row][vc_column width=&#8221;1\/2&#8243; css=&#8221;.vc_custom_1730902533090{margin-left: 50px !important;border-left-width: 25px !important;}&#8221;][\/vc_column][vc_column width=&#8221;1\/2&#8243;][\/vc_column][\/vc_row][vc_row][vc_column css=&#8221;.vc_custom_1730902642126{margin-right: 25px !important;margin-left: 25px !important;border-right-width: 25px !important;}&#8221;][\/vc_column][\/vc_row][vc_row][vc_column css=&#8221;.vc_custom_1730902642126{margin-right: 25px !important;margin-left: 25px !important;border-right-width: 25px !important;}&#8221;][\/vc_column][\/vc_row][vc_row][vc_column width=&#8221;1\/2&#8243; [&hellip;]<\/p>\n","protected":false},"author":32,"featured_media":26641,"comment_status":"closed","ping_status":"open","sticky":false,"template":"","format":"standard","meta":{"footnotes":"","_links_to":"","_links_to_target":""},"categories":[1],"tags":[],"class_list":["post-26533","post","type-post","status-publish","format-standard","has-post-thumbnail","hentry","category-uncategorized"],"jetpack_featured_media_url":"https:\/\/ecocaminhos.com\/wp-content\/uploads\/2024\/11\/Gray-Minimalist-Aesthetic-Fashion-Facebook-Cover-e1730998594898.png","rttpg_featured_image_url":{"full":["https:\/\/ecocaminhos.com\/wp-content\/uploads\/2024\/11\/Gray-Minimalist-Aesthetic-Fashion-Facebook-Cover-e1730998594898.png",1000,495,false],"landscape":["https:\/\/ecocaminhos.com\/wp-content\/uploads\/2024\/11\/Gray-Minimalist-Aesthetic-Fashion-Facebook-Cover-e1730998594898.png",1000,495,false],"portraits":["https:\/\/ecocaminhos.com\/wp-content\/uploads\/2024\/11\/Gray-Minimalist-Aesthetic-Fashion-Facebook-Cover-e1730998594898.png",1000,495,false],"thumbnail":["https:\/\/ecocaminhos.com\/wp-content\/uploads\/2024\/11\/Gray-Minimalist-Aesthetic-Fashion-Facebook-Cover-e1730998594898-150x150.png",150,150,true],"medium":["https:\/\/ecocaminhos.com\/wp-content\/uploads\/2024\/11\/Gray-Minimalist-Aesthetic-Fashion-Facebook-Cover-e1730998594898-300x149.png",300,149,true],"large":["https:\/\/ecocaminhos.com\/wp-content\/uploads\/2024\/11\/Gray-Minimalist-Aesthetic-Fashion-Facebook-Cover-e1730998594898.png",1000,495,false],"1536x1536":["https:\/\/ecocaminhos.com\/wp-content\/uploads\/2024\/11\/Gray-Minimalist-Aesthetic-Fashion-Facebook-Cover-e1730998594898.png",1000,495,false],"2048x2048":["https:\/\/ecocaminhos.com\/wp-content\/uploads\/2024\/11\/Gray-Minimalist-Aesthetic-Fashion-Facebook-Cover-e1730998594898.png",1000,495,false],"classic-grid-listing":["https:\/\/ecocaminhos.com\/wp-content\/uploads\/2024\/11\/Gray-Minimalist-Aesthetic-Fashion-Facebook-Cover-e1730998594898-600x297.png",600,297,true],"classic-list-listing":["https:\/\/ecocaminhos.com\/wp-content\/uploads\/2024\/11\/Gray-Minimalist-Aesthetic-Fashion-Facebook-Cover-e1730998594898-280x139.png",280,139,true],"modern-grid-listing":["https:\/\/ecocaminhos.com\/wp-content\/uploads\/2024\/11\/Gray-Minimalist-Aesthetic-Fashion-Facebook-Cover-e1730998594898-600x384.png",600,384,true],"product-page-image":["https:\/\/ecocaminhos.com\/wp-content\/uploads\/2024\/11\/Gray-Minimalist-Aesthetic-Fashion-Facebook-Cover-e1730998594898-600x297.png",600,297,true],"product-category-page-image":["https:\/\/ecocaminhos.com\/wp-content\/uploads\/2024\/11\/Gray-Minimalist-Aesthetic-Fashion-Facebook-Cover-e1730998594898-600x297.png",600,297,true],"swmsc-related-posts":["https:\/\/ecocaminhos.com\/wp-content\/uploads\/2024\/11\/Gray-Minimalist-Aesthetic-Fashion-Facebook-Cover-e1730998594898-500x344.png",500,344,true],"swmsc-recent-post-tiny":["https:\/\/ecocaminhos.com\/wp-content\/uploads\/2024\/11\/Gray-Minimalist-Aesthetic-Fashion-Facebook-Cover-e1730998594898-90x90.png",90,90,true],"swmsc-grid-image":["https:\/\/ecocaminhos.com\/wp-content\/uploads\/2024\/11\/Gray-Minimalist-Aesthetic-Fashion-Facebook-Cover-e1730998594898-670x460.png",670,460,true],"swmsc-square-image":["https:\/\/ecocaminhos.com\/wp-content\/uploads\/2024\/11\/Gray-Minimalist-Aesthetic-Fashion-Facebook-Cover-e1730998594898-670x495.png",670,495,true],"swmsc-blog-featured":["https:\/\/ecocaminhos.com\/wp-content\/uploads\/2024\/11\/Gray-Minimalist-Aesthetic-Fashion-Facebook-Cover-e1730998594898-850x495.png",850,495,true],"woocommerce_thumbnail":["https:\/\/ecocaminhos.com\/wp-content\/uploads\/2024\/11\/Gray-Minimalist-Aesthetic-Fashion-Facebook-Cover-e1730998594898-150x150.png",150,150,true],"woocommerce_single":["https:\/\/ecocaminhos.com\/wp-content\/uploads\/2024\/11\/Gray-Minimalist-Aesthetic-Fashion-Facebook-Cover-e1730998594898-300x149.png",300,149,true],"woocommerce_gallery_thumbnail":["https:\/\/ecocaminhos.com\/wp-content\/uploads\/2024\/11\/Gray-Minimalist-Aesthetic-Fashion-Facebook-Cover-e1730998594898-100x100.png",100,100,true],"ecoworld-blog-featured":["https:\/\/ecocaminhos.com\/wp-content\/uploads\/2024\/11\/Gray-Minimalist-Aesthetic-Fashion-Facebook-Cover-e1730998594898-850x495.png",850,495,true],"ecoworld-blog-full":["https:\/\/ecocaminhos.com\/wp-content\/uploads\/2024\/11\/Gray-Minimalist-Aesthetic-Fashion-Facebook-Cover-1000x520.png",1000,520,true],"ecoworld-related-posts":["https:\/\/ecocaminhos.com\/wp-content\/uploads\/2024\/11\/Gray-Minimalist-Aesthetic-Fashion-Facebook-Cover-e1730998594898-500x344.png",500,344,true],"ecoworld-recent-post-tiny":["https:\/\/ecocaminhos.com\/wp-content\/uploads\/2024\/11\/Gray-Minimalist-Aesthetic-Fashion-Facebook-Cover-e1730998594898-90x90.png",90,90,true],"ecoworld-grid-image":["https:\/\/ecocaminhos.com\/wp-content\/uploads\/2024\/11\/Gray-Minimalist-Aesthetic-Fashion-Facebook-Cover-e1730998594898-670x460.png",670,460,true],"ecoworld-standard":["https:\/\/ecocaminhos.com\/wp-content\/uploads\/2024\/11\/Gray-Minimalist-Aesthetic-Fashion-Facebook-Cover-e1730998594898-670x495.png",670,495,true],"ecoworld-square-image":["https:\/\/ecocaminhos.com\/wp-content\/uploads\/2024\/11\/Gray-Minimalist-Aesthetic-Fashion-Facebook-Cover-e1730998594898-670x495.png",670,495,true]},"rttpg_author":{"display_name":"Juliana","author_link":"https:\/\/ecocaminhos.com\/br\/blog\/author\/juliana\/"},"rttpg_comment":0,"rttpg_category":"<a href=\"https:\/\/ecocaminhos.com\/br\/blog\/category\/uncategorized\/\" rel=\"category tag\">Uncategorized<\/a>","rttpg_excerpt":"[vc_row][vc_column][\/vc_column][\/vc_row][vc_row][vc_column][\/vc_column][\/vc_row][vc_row][vc_column css=&#8221;.vc_custom_1730902642126{margin-right: 25px !important;margin-left: 25px !important;border-right-width: 25px !important;}&#8221;][\/vc_column][\/vc_row][vc_row][vc_column width=&#8221;1\/2&#8243; css=&#8221;.vc_custom_1730902533090{margin-left: 50px !important;border-left-width: 25px !important;}&#8221;][\/vc_column][vc_column width=&#8221;1\/2&#8243;][\/vc_column][\/vc_row][vc_row][vc_column css=&#8221;.vc_custom_1730902642126{margin-right: 25px !important;margin-left: 25px !important;border-right-width: 25px !important;}&#8221;][\/vc_column][\/vc_row][vc_row][vc_column css=&#8221;.vc_custom_1730902642126{margin-right: 25px !important;margin-left: 25px !important;border-right-width: 25px !important;}&#8221;][\/vc_column][\/vc_row][vc_row][vc_column width=&#8221;1\/2&#8243; [&hellip;]","post_mailing_queue_ids":[],"_links":{"self":[{"href":"https:\/\/ecocaminhos.com\/br\/wp-json\/wp\/v2\/posts\/26533","targetHints":{"allow":["GET"]}}],"collection":[{"href":"https:\/\/ecocaminhos.com\/br\/wp-json\/wp\/v2\/posts"}],"about":[{"href":"https:\/\/ecocaminhos.com\/br\/wp-json\/wp\/v2\/types\/post"}],"author":[{"embeddable":true,"href":"https:\/\/ecocaminhos.com\/br\/wp-json\/wp\/v2\/users\/32"}],"replies":[{"embeddable":true,"href":"https:\/\/ecocaminhos.com\/br\/wp-json\/wp\/v2\/comments?post=26533"}],"version-history":[{"count":89,"href":"https:\/\/ecocaminhos.com\/br\/wp-json\/wp\/v2\/posts\/26533\/revisions"}],"predecessor-version":[{"id":26660,"href":"https:\/\/ecocaminhos.com\/br\/wp-json\/wp\/v2\/posts\/26533\/revisions\/26660"}],"wp:featuredmedia":[{"embeddable":true,"href":"https:\/\/ecocaminhos.com\/br\/wp-json\/wp\/v2\/media\/26641"}],"wp:attachment":[{"href":"https:\/\/ecocaminhos.com\/br\/wp-json\/wp\/v2\/media?parent=26533"}],"wp:term":[{"taxonomy":"category","embeddable":true,"href":"https:\/\/ecocaminhos.com\/br\/wp-json\/wp\/v2\/categories?post=26533"},{"taxonomy":"post_tag","embeddable":true,"href":"https:\/\/ecocaminhos.com\/br\/wp-json\/wp\/v2\/tags?post=26533"}],"curies":[{"name":"wp","href":"https:\/\/api.w.org\/{rel}","templated":true}]}}