{"id":26662,"date":"2024-11-13T13:41:49","date_gmt":"2024-11-13T16:41:49","guid":{"rendered":"https:\/\/ecocaminhos.com\/?p=26662"},"modified":"2024-11-15T15:52:45","modified_gmt":"2024-11-15T18:52:45","slug":"coffee-cultivation-for-forest-restoration","status":"publish","type":"post","link":"https:\/\/ecocaminhos.com\/br\/blog\/cultivo-de-cafe-para-restauracao-florestal\/","title":{"rendered":"Cultivo de Caf\u00e9 para Restaura\u00e7\u00e3o Florestal"},"content":{"rendered":"<div class=\"wpb-content-wrapper\">[vc_row][vc_column][\/vc_column][\/vc_row][vc_row][vc_column]<div   >\n\t\t\t\t\t\t<div class=\"swmsc_container\">\n\t\t\t\t\t\t\t<div  class=\"swmsc_text_block\" > \n<p style=\"text-align: justify;\"><span style=\"font-weight: 400;\">Na Eco Caminhos, nosso caf\u00e9 oferecer\u00e1 mais do que um est\u00edmulo matinal; ser\u00e1 um testemunho de agrofloresta, uma t\u00e9cnica agr\u00edcola que combina reflorestamento com a produ\u00e7\u00e3o de culturas. Guiados pelos princ\u00edpios da agricultura sintr\u00f3pica desenvolvidos por Ernst G\u00f6tsch, estamos cultivando caf\u00e9 especial cultivado \u00e0 sombra, que prospera em harmonia com o ecossistema ao redor. Localizados nas montanhas da Mata Atl\u00e2ntica brasileira, nosso objetivo \u00e9 apoiar agricultores familiares locais e exemplificar como a agricultura sustent\u00e1vel pode impulsionar o crescimento econ\u00f4mico enquanto preserva a natureza.<\/span><\/p>\n<h3 style=\"text-align: justify;\"><b>Caf\u00e9 Especial: Por que a Demanda e o Pre\u00e7o Est\u00e3o em Alta?<\/b><\/h3>\n<p style=\"text-align: justify;\"><span style=\"font-weight: 400;\">O caf\u00e9 especial, conhecido por sua qualidade superior e perfis de sabor \u00fanicos, ganhou popularidade global nos \u00faltimos anos. As tend\u00eancias de mercado indicam que o pre\u00e7o do caf\u00e9 especial deve aumentar, impulsionado tanto pela crescente demanda quanto pelos impactos das mudan\u00e7as clim\u00e1ticas nos m\u00e9todos convencionais de produ\u00e7\u00e3o de caf\u00e9. Fatores como a disponibilidade limitada de condi\u00e7\u00f5es de cultivo adequadas e o aumento dos custos de produ\u00e7\u00e3o est\u00e3o pressionando os pre\u00e7os. Na Eco Caminhos, nosso sistema agroflorestal mitiga esses desafios, proporcionando um ambiente resiliente onde nosso caf\u00e9 pode florescer sob o dossel de \u00e1rvores nativas.<\/span><\/p>\n<\/div>[vc_column_text css=&#8221;&#8221;][\/vc_column_text]<div  class=\"clear swmsc_gap\" style=\"margin:30px 0 0 0;\"><\/div>\n\t\t\t\t\t\t\t<div class=\"clear\"><\/div>\n\t\t\t\t\t\t<\/div>\n\t\t\t\t\t<\/div>[\/vc_column][\/vc_row][vc_row css=&#8221;.vc_custom_1731520402371{margin-right: 20px !important;margin-left: 20px !important;}&#8221;][vc_column width=&#8221;1\/2&#8243;]<div   >\n\t\t\t\t\t\t<div class=\"swmsc_container\">\n\t\t\t\t\t\t\t<div  class=\"swmsc_text_block\" > \n<h3><b>As Vantagens do Nosso Sistema Agroflorestal para a Cultivo de Caf\u00e9<\/b><\/h3>\n<p><span style=\"font-weight: 400;\">Nossa abordagem ao cultivo de caf\u00e9 \u00e9 projetada para restaurar o ecossistema local enquanto minimiza o uso de recursos. Utilizamos 250 esp\u00e9cies de \u00e1rvores nativas da Mata Atl\u00e2ntica, que desempenham um papel vital na restaura\u00e7\u00e3o da flora e fauna da regi\u00e3o. A fertiliza\u00e7\u00e3o \u00e9 necess\u00e1ria apenas uma vez, e a irriga\u00e7\u00e3o \u00e9 necess\u00e1ria apenas nos tr\u00eas primeiros anos ap\u00f3s o plantio. A partir da\u00ed, a irriga\u00e7\u00e3o para, pois as \u00e1rvores de ra\u00edzes profundas naturalmente melhoram a reten\u00e7\u00e3o de \u00e1gua, criando um sistema autossustent\u00e1vel. A fertiliza\u00e7\u00e3o \u00e9 mantida atrav\u00e9s da poda, enriquecendo o solo com mat\u00e9ria org\u00e2nica. Este m\u00e9todo elimina a necessidade de agrot\u00f3xicos e evita o arado anual, j\u00e1 que o sistema agroflorestal permanente preserva a estrutura do solo e a biodiversidade. Embora o investimento inicial seja maior, essa abordagem torna-se mais vi\u00e1vel e econ\u00f4mica ao longo do tempo, sendo ideal para regi\u00f5es que enfrentam escassez de \u00e1gua e degrada\u00e7\u00e3o do solo. Al\u00e9m disso, contribui para a regenera\u00e7\u00e3o dos ecossistemas nativos, promovendo a biodiversidade e melhorando a resili\u00eancia \u00e0 variabilidade clim\u00e1tica.<\/span><\/div>\n\t\t\t\t\t\t\t<div class=\"clear\"><\/div>\n\t\t\t\t\t\t<\/div>\n\t\t\t\t\t<\/div>[\/vc_column][vc_column width=&#8221;1\/2&#8243;][vc_single_image image=&#8221;25323&#8243; img_size=&#8221;large&#8221; css=&#8221;&#8221;][\/vc_column][\/vc_row][vc_row][vc_column]<div  class=\"clear swmsc_gap\" style=\"margin:30px 0 0 0;\"><\/div><div   >\n\t\t\t\t\t\t<div class=\"swmsc_container\">\n\t\t\t\t\t\t\t<div  class=\"swmsc_text_block\" > \n<h3 style=\"text-align: justify;\"><b>Apoio aos Agricultores Locais Atrav\u00e9s da Agrofloresta Sustent\u00e1vel<\/b><\/h3>\n<p style=\"text-align: justify;\"><span style=\"font-weight: 400;\">Com planos futuros para expandir nosso modelo, pretendemos apoiar os agricultores familiares locais na ado\u00e7\u00e3o do modelo de agrofloresta que desenvolvemos. Essas pequenas propriedades s\u00e3o essenciais para o cen\u00e1rio agr\u00edcola do Brasil e, ao integr\u00e1-las ao nosso modelo, podemos ajud\u00e1-las a fazer a transi\u00e7\u00e3o para pr\u00e1ticas sustent\u00e1veis que combatam a polui\u00e7\u00e3o intensa que afeta a regi\u00e3o.\u00a0<\/span><\/p>\n<p style=\"text-align: justify;\"><span style=\"font-weight: 400;\">Este movimento n\u00e3o apenas tem o potencial de transformar a agricultura na regi\u00e3o, mas tamb\u00e9m desempenha um papel na restaura\u00e7\u00e3o da Mata Atl\u00e2ntica, onde estamos localizados, que sofreu extensa degrada\u00e7\u00e3o ambiental devido \u00e0 agricultura industrial e polui\u00e7\u00e3o. Nossas pr\u00e1ticas agroflorestais servem como uma zona de amortecimento entre reservas naturais e paisagens agr\u00edcolas. Ao aumentar os sistemas agroflorestais, criamos uma camada protetora que afasta as pr\u00e1ticas agr\u00edcolas prejudiciais das reservas naturais da Mata Atl\u00e2ntica, ajudando a preservar a biodiversidade e a prevenir a degrada\u00e7\u00e3o dos ecossistemas.<\/span><\/p>\n<p style=\"text-align: justify;\"><span style=\"font-weight: 400;\">Al\u00e9m dos benef\u00edcios ambientais, nosso programa promove uma transforma\u00e7\u00e3o profunda para os agricultores que adotam pr\u00e1ticas agroflorestais. Esses agricultores se reconectam com sua terra e a natureza, ganhando independ\u00eancia de grandes fornecedores de fertilizantes e agroqu\u00edmicos. Produzindo suas pr\u00f3prias marcas de caf\u00e9 e vendendo diretamente para os consumidores finais, eles recuperam poder como produtores e escapam das limita\u00e7\u00f5es das cadeias de suprimento tradicionais. Esse empoderamento n\u00e3o apenas promove a resili\u00eancia econ\u00f4mica, mas tamb\u00e9m fortalece o v\u00ednculo entre os agricultores, sua terra e suas comunidades.<\/span><\/p>\n<\/div><div  class=\"clear swmsc_gap\" style=\"margin:30px 0 0 0;\"><\/div>\n\t\t\t\t\t\t\t<div class=\"clear\"><\/div>\n\t\t\t\t\t\t<\/div>\n\t\t\t\t\t<\/div>[\/vc_column][\/vc_row][vc_row css=&#8221;.vc_custom_1731520563742{margin-right: 20px !important;margin-left: 20px !important;}&#8221;][vc_column width=&#8221;1\/2&#8243;]<div   >\n\t\t\t\t\t\t<div class=\"swmsc_container\">\n\t\t\t\t\t\t\t<div  class=\"swmsc_text_block\" > \n<h3><b>Caf\u00e9 Especial em Agrofloresta: Um Produto Resiliente e de Alta Qualidade<\/b><\/h3>\n<p><span style=\"font-weight: 400;\">O caf\u00e9 especial cultivado \u00e0 sombra \u00e9 conhecido por seu sabor distinto, que se desenvolve sob o dossel protetor das \u00e1rvores. Nossas plantas de caf\u00e9 beneficiam-se dessa sombra natural, que reduz as flutua\u00e7\u00f5es de temperatura e prolonga o processo de matura\u00e7\u00e3o, aprimorando os sabores complexos dos gr\u00e3os. Al\u00e9m disso, nosso sistema agroflorestal reduz a necessidade de insumos qu\u00edmicos, j\u00e1 que a vegeta\u00e7\u00e3o diversa naturalmente controla pragas e doen\u00e7as, contribuindo para um caf\u00e9 mais limpo e sustent\u00e1vel.<\/span><\/div>\n\t\t\t\t\t\t\t<div class=\"clear\"><\/div>\n\t\t\t\t\t\t<\/div>\n\t\t\t\t\t<\/div>[\/vc_column][vc_column width=&#8221;1\/2&#8243;]<div  class=\"clear swmsc_gap\" style=\"margin:30px 0 0 0;\"><\/div>[vc_single_image image=&#8221;23783&#8243; img_size=&#8221;large&#8221; css=&#8221;&#8221;][\/vc_column][\/vc_row][vc_row css=&#8221;.vc_custom_1731520578623{margin-right: 20px !important;margin-left: 20px !important;}&#8221;][vc_column width=&#8221;1\/2&#8243;]<div  class=\"clear swmsc_gap\" style=\"margin:30px 0 0 0;\"><\/div><div  class=\"clear swmsc_gap\" style=\"margin:30px 0 0 0;\"><\/div><div  class=\"clear swmsc_gap\" style=\"margin:30px 0 0 0;\"><\/div><div   >\n\t\t\t\t\t\t<div class=\"swmsc_container\">\n\t\t\t\t\t\t\t[vc_single_image image=&#8221;23115&#8243; img_size=&#8221;large&#8221; css=&#8221;&#8221;]\n\t\t\t\t\t\t\t<div class=\"clear\"><\/div>\n\t\t\t\t\t\t<\/div>\n\t\t\t\t\t<\/div>[\/vc_column][vc_column width=&#8221;1\/2&#8243;]<div  class=\"clear swmsc_gap\" style=\"margin:30px 0 0 0;\"><\/div><div  class=\"swmsc_text_block\" > \n<h3><b>Aprendizado e Envolvimento Comunit\u00e1rio com uma X\u00edcara de Caf\u00e9<\/b><\/h3>\n<p><span style=\"font-weight: 400;\">O <\/span><b><a href=\"https:\/\/ecocaminhos.com\/br\/blog\/projetoecolibrium\/\">Espa\u00e7o Ecolibrium<\/a>,<\/b><span style=\"font-weight: 400;\"> nosso centro educacional que est\u00e1 atualmente em constru\u00e7\u00e3o, contar\u00e1 com um restaurante do campo \u00e0 mesa, onde voc\u00ea pode pedir uma x\u00edcara do nosso caf\u00e9, mas isso n\u00e3o \u00e9 tudo; no Espa\u00e7o Ecolibrium ofereceremos oficinas e experi\u00eancias pr\u00e1ticas em agrofloresta, permacultura e constru\u00e7\u00e3o natural. Nosso objetivo \u00e9 compartilhar conhecimento com um p\u00fablico diversificado e capacit\u00e1-los a implementar pr\u00e1ticas sustent\u00e1veis em suas pr\u00f3prias comunidades. Nossos programas s\u00e3o projetados para promover uma conex\u00e3o profunda com a natureza, enquanto incentivam a sustentabilidade regional, proporcionando aos participantes as habilidades para criar impactos ambientais positivos onde quer que estejam.<\/span><\/p>\n<h3><\/h3>\n<\/div>[\/vc_column][\/vc_row][vc_row][vc_column]<div  class=\"clear swmsc_gap\" style=\"margin:30px 0 0 0;\"><\/div><div   >\n\t\t\t\t\t\t<div class=\"swmsc_container\">\n\t\t\t\t\t\t\t<div  class=\"swmsc_text_block\" > \n<h3><b>O Futuro do Caf\u00e9 Especial e da Agrofloresta na Eco Caminhos<\/b><\/h3>\n<p><span style=\"font-weight: 400;\">Com o aumento da demanda e dos pre\u00e7os do caf\u00e9 especial no horizonte, nosso sistema agroflorestal oferece uma solu\u00e7\u00e3o sustent\u00e1vel e economicamente vi\u00e1vel. Ao fornecer apoio aos agricultores locais na ado\u00e7\u00e3o do nosso modelo de neg\u00f3cios, n\u00e3o estamos apenas fortalecendo sua resili\u00eancia econ\u00f4mica, mas tamb\u00e9m contribuindo para a restaura\u00e7\u00e3o da Mata Atl\u00e2ntica. \u00c0 medida que continuamos a expandir, convidamos voc\u00ea a se juntar a n\u00f3s nesta jornada. Seja para tomar uma x\u00edcara de caf\u00e9, se interessar pelo nosso <\/span><a href=\"https:\/\/ecocaminhos.com\/br\/voluntariado-de-curto-prazo\/\"><b>programa de voluntariado<\/b><\/a><span style=\"font-weight: 400;\">, ou explorar nossas <\/span><a href=\"https:\/\/ecocaminhos.com\/br\/eco-turismo-no-brasil-ferias-em-familia\/\"><b>ofertas de turismo<\/b><\/a><span style=\"font-weight: 400;\">, voc\u00ea encontrar\u00e1 oportunidades para experi\u00eancias de aprendizagem te\u00f3ricas e pr\u00e1ticas. Nossos programas incluem atividades ao ar livre emocionantes que te envolvem nas belas montanhas. Para saber mais sobre como voc\u00ea pode se envolver ou visitar, explore nosso<\/span><b><a href=\"https:\/\/ecocaminhos.com\/br\/\"> site<\/a>.<\/b><\/p>\n<p><span style=\"font-weight: 400;\"><a href=\"https:\/\/ecocaminhos.com\/br\/\"><strong>Junte-se a n\u00f3s<\/strong> <\/a>na Eco Caminhos e fa\u00e7a parte de um movimento crescente em dire\u00e7\u00e3o \u00e0 agricultura sustent\u00e1vel, que apoia as economias locais e preserva o meio ambiente.<\/span><\/div>\n\t\t\t\t\t\t\t<div class=\"clear\"><\/div>\n\t\t\t\t\t\t<\/div>\n\t\t\t\t\t<\/div>[vc_single_image image=&#8221;26679&#8243; img_size=&#8221;1000X500&#8243; alignment=&#8221;center&#8221; css=&#8221;&#8221;][\/vc_column][\/vc_row][vc_row][vc_column]<div   >\n\t\t\t\t\t\t<div class=\"swmsc_container\">\n\t\t\t\t\t\t\t<div  class=\"clear swmsc_gap\" style=\"margin:30px 0 0 0;\"><\/div><div  class=\"swmsc_text_block\" > \n<h3>Fontes<\/h3>\n<p>Oxford Research Encyclopedia of Environmental Science. \u201cProdu\u00e7\u00e3o Sustent\u00e1vel de Caf\u00e9.\u201d <a href=\"https:\/\/oxfordre.com\/environmentalscience\/display\/10.1093\/acrefore\/9780199389414.001.0001\/acrefore-9780199389414-e-224\" target=\"_new\" rel=\"noopener\">Link<\/a>.<\/div>\n\t\t\t\t\t\t\t<div class=\"clear\"><\/div>\n\t\t\t\t\t\t<\/div>\n\t\t\t\t\t<\/div>[\/vc_column][\/vc_row]\n<\/div>","protected":false},"excerpt":{"rendered":"<p>[vc_row][vc_column][\/vc_column][\/vc_row][vc_row][vc_column][\/vc_column][\/vc_row][vc_row css=&#8221;.vc_custom_1731520402371{margin-right: 20px !important;margin-left: 20px !important;}&#8221;][vc_column width=&#8221;1\/2&#8243;][\/vc_column][vc_column width=&#8221;1\/2&#8243;][vc_single_image image=&#8221;25323&#8243; img_size=&#8221;large&#8221; css=&#8221;&#8221;][\/vc_column][\/vc_row][vc_row][vc_column][\/vc_column][\/vc_row][vc_row css=&#8221;.vc_custom_1731520563742{margin-right: 20px !important;margin-left: 20px !important;}&#8221;][vc_column width=&#8221;1\/2&#8243;][\/vc_column][vc_column width=&#8221;1\/2&#8243;][vc_single_image image=&#8221;23783&#8243; img_size=&#8221;large&#8221; css=&#8221;&#8221;][\/vc_column][\/vc_row][vc_row css=&#8221;.vc_custom_1731520578623{margin-right: 20px !important;margin-left: 20px !important;}&#8221;][vc_column width=&#8221;1\/2&#8243;][\/vc_column][vc_column width=&#8221;1\/2&#8243;][\/vc_column][\/vc_row][vc_row][vc_column][vc_single_image image=&#8221;26679&#8243; img_size=&#8221;1000X500&#8243; [&hellip;]<\/p>\n","protected":false},"author":32,"featured_media":26679,"comment_status":"closed","ping_status":"open","sticky":false,"template":"","format":"standard","meta":{"footnotes":"","_links_to":"","_links_to_target":""},"categories":[397,392,299],"tags":[],"class_list":["post-26662","post","type-post","status-publish","format-standard","has-post-thumbnail","hentry","category-agroflorestry","category-environment-2","category-permaculture"],"jetpack_featured_media_url":"https:\/\/ecocaminhos.com\/wp-content\/uploads\/2024\/11\/special-coffee-agroforestry-scaled-e1731588378460.jpg","rttpg_featured_image_url":{"full":["https:\/\/ecocaminhos.com\/wp-content\/uploads\/2024\/11\/special-coffee-agroforestry-scaled-e1731588378460.jpg",1000,563,false],"landscape":["https:\/\/ecocaminhos.com\/wp-content\/uploads\/2024\/11\/special-coffee-agroforestry-scaled-e1731588378460.jpg",1000,563,false],"portraits":["https:\/\/ecocaminhos.com\/wp-content\/uploads\/2024\/11\/special-coffee-agroforestry-scaled-e1731588378460.jpg",1000,563,false],"thumbnail":["https:\/\/ecocaminhos.com\/wp-content\/uploads\/2024\/11\/special-coffee-agroforestry-150x150.jpg",150,150,true],"medium":["https:\/\/ecocaminhos.com\/wp-content\/uploads\/2024\/11\/special-coffee-agroforestry-300x169.jpg",300,169,true],"large":["https:\/\/ecocaminhos.com\/wp-content\/uploads\/2024\/11\/special-coffee-agroforestry-1024x576.jpg",1024,576,true],"1536x1536":["https:\/\/ecocaminhos.com\/wp-content\/uploads\/2024\/11\/special-coffee-agroforestry-1536x864.jpg",1536,864,true],"2048x2048":["https:\/\/ecocaminhos.com\/wp-content\/uploads\/2024\/11\/special-coffee-agroforestry-2048x1152.jpg",2048,1152,true],"classic-grid-listing":["https:\/\/ecocaminhos.com\/wp-content\/uploads\/2024\/11\/special-coffee-agroforestry-600x338.jpg",600,338,true],"classic-list-listing":["https:\/\/ecocaminhos.com\/wp-content\/uploads\/2024\/11\/special-coffee-agroforestry-280x158.jpg",280,158,true],"modern-grid-listing":["https:\/\/ecocaminhos.com\/wp-content\/uploads\/2024\/11\/special-coffee-agroforestry-600x384.jpg",600,384,true],"product-page-image":["https:\/\/ecocaminhos.com\/wp-content\/uploads\/2024\/11\/special-coffee-agroforestry-600x338.jpg",600,338,true],"product-category-page-image":["https:\/\/ecocaminhos.com\/wp-content\/uploads\/2024\/11\/special-coffee-agroforestry-600x338.jpg",600,338,true],"swmsc-related-posts":["https:\/\/ecocaminhos.com\/wp-content\/uploads\/2024\/11\/special-coffee-agroforestry-500x344.jpg",500,344,true],"swmsc-recent-post-tiny":["https:\/\/ecocaminhos.com\/wp-content\/uploads\/2024\/11\/special-coffee-agroforestry-90x90.jpg",90,90,true],"swmsc-grid-image":["https:\/\/ecocaminhos.com\/wp-content\/uploads\/2024\/11\/special-coffee-agroforestry-670x460.jpg",670,460,true],"swmsc-square-image":["https:\/\/ecocaminhos.com\/wp-content\/uploads\/2024\/11\/special-coffee-agroforestry-670x670.jpg",670,670,true],"swmsc-blog-featured":["https:\/\/ecocaminhos.com\/wp-content\/uploads\/2024\/11\/special-coffee-agroforestry-850x520.jpg",850,520,true],"woocommerce_thumbnail":["https:\/\/ecocaminhos.com\/wp-content\/uploads\/2024\/11\/special-coffee-agroforestry-150x150.jpg",150,150,true],"woocommerce_single":["https:\/\/ecocaminhos.com\/wp-content\/uploads\/2024\/11\/special-coffee-agroforestry-300x169.jpg",300,169,true],"woocommerce_gallery_thumbnail":["https:\/\/ecocaminhos.com\/wp-content\/uploads\/2024\/11\/special-coffee-agroforestry-100x100.jpg",100,100,true],"ecoworld-blog-featured":["https:\/\/ecocaminhos.com\/wp-content\/uploads\/2024\/11\/special-coffee-agroforestry-850x520.jpg",850,520,true],"ecoworld-blog-full":["https:\/\/ecocaminhos.com\/wp-content\/uploads\/2024\/11\/special-coffee-agroforestry-1180x520.jpg",1180,520,true],"ecoworld-related-posts":["https:\/\/ecocaminhos.com\/wp-content\/uploads\/2024\/11\/special-coffee-agroforestry-500x344.jpg",500,344,true],"ecoworld-recent-post-tiny":["https:\/\/ecocaminhos.com\/wp-content\/uploads\/2024\/11\/special-coffee-agroforestry-90x90.jpg",90,90,true],"ecoworld-grid-image":["https:\/\/ecocaminhos.com\/wp-content\/uploads\/2024\/11\/special-coffee-agroforestry-670x460.jpg",670,460,true],"ecoworld-standard":["https:\/\/ecocaminhos.com\/wp-content\/uploads\/2024\/11\/special-coffee-agroforestry-670x2268.jpg",670,2268,true],"ecoworld-square-image":["https:\/\/ecocaminhos.com\/wp-content\/uploads\/2024\/11\/special-coffee-agroforestry-670x670.jpg",670,670,true]},"rttpg_author":{"display_name":"Juliana","author_link":"https:\/\/ecocaminhos.com\/br\/blog\/author\/juliana\/"},"rttpg_comment":1,"rttpg_category":"<a href=\"https:\/\/ecocaminhos.com\/br\/blog\/category\/agroflorestry\/\" rel=\"category tag\">Agroflorestry<\/a> <a href=\"https:\/\/ecocaminhos.com\/br\/blog\/category\/environment\/\" rel=\"category tag\">Environment<\/a> <a href=\"https:\/\/ecocaminhos.com\/br\/blog\/category\/permaculture\/\" rel=\"category tag\">Permacultura<\/a>","rttpg_excerpt":"[vc_row][vc_column][\/vc_column][\/vc_row][vc_row][vc_column][\/vc_column][\/vc_row][vc_row css=&#8221;.vc_custom_1731520402371{margin-right: 20px !important;margin-left: 20px !important;}&#8221;][vc_column width=&#8221;1\/2&#8243;][\/vc_column][vc_column width=&#8221;1\/2&#8243;][vc_single_image image=&#8221;25323&#8243; img_size=&#8221;large&#8221; css=&#8221;&#8221;][\/vc_column][\/vc_row][vc_row][vc_column][\/vc_column][\/vc_row][vc_row css=&#8221;.vc_custom_1731520563742{margin-right: 20px !important;margin-left: 20px !important;}&#8221;][vc_column width=&#8221;1\/2&#8243;][\/vc_column][vc_column width=&#8221;1\/2&#8243;][vc_single_image image=&#8221;23783&#8243; img_size=&#8221;large&#8221; css=&#8221;&#8221;][\/vc_column][\/vc_row][vc_row css=&#8221;.vc_custom_1731520578623{margin-right: 20px !important;margin-left: 20px !important;}&#8221;][vc_column width=&#8221;1\/2&#8243;][\/vc_column][vc_column width=&#8221;1\/2&#8243;][\/vc_column][\/vc_row][vc_row][vc_column][vc_single_image image=&#8221;26679&#8243; img_size=&#8221;1000X500&#8243; [&hellip;]","post_mailing_queue_ids":[],"_links":{"self":[{"href":"https:\/\/ecocaminhos.com\/br\/wp-json\/wp\/v2\/posts\/26662","targetHints":{"allow":["GET"]}}],"collection":[{"href":"https:\/\/ecocaminhos.com\/br\/wp-json\/wp\/v2\/posts"}],"about":[{"href":"https:\/\/ecocaminhos.com\/br\/wp-json\/wp\/v2\/types\/post"}],"author":[{"embeddable":true,"href":"https:\/\/ecocaminhos.com\/br\/wp-json\/wp\/v2\/users\/32"}],"replies":[{"embeddable":true,"href":"https:\/\/ecocaminhos.com\/br\/wp-json\/wp\/v2\/comments?post=26662"}],"version-history":[{"count":45,"href":"https:\/\/ecocaminhos.com\/br\/wp-json\/wp\/v2\/posts\/26662\/revisions"}],"predecessor-version":[{"id":26712,"href":"https:\/\/ecocaminhos.com\/br\/wp-json\/wp\/v2\/posts\/26662\/revisions\/26712"}],"wp:featuredmedia":[{"embeddable":true,"href":"https:\/\/ecocaminhos.com\/br\/wp-json\/wp\/v2\/media\/26679"}],"wp:attachment":[{"href":"https:\/\/ecocaminhos.com\/br\/wp-json\/wp\/v2\/media?parent=26662"}],"wp:term":[{"taxonomy":"category","embeddable":true,"href":"https:\/\/ecocaminhos.com\/br\/wp-json\/wp\/v2\/categories?post=26662"},{"taxonomy":"post_tag","embeddable":true,"href":"https:\/\/ecocaminhos.com\/br\/wp-json\/wp\/v2\/tags?post=26662"}],"curies":[{"name":"wp","href":"https:\/\/api.w.org\/{rel}","templated":true}]}}