{"id":30502,"date":"2026-04-06T13:36:21","date_gmt":"2026-04-06T16:36:21","guid":{"rendered":"https:\/\/ecocaminhos.com\/?p=30502"},"modified":"2026-04-08T11:36:27","modified_gmt":"2026-04-08T14:36:27","slug":"march-2026-highlights-visibility-new-paths-and-great-achievements","status":"publish","type":"post","link":"https:\/\/ecocaminhos.com\/br\/blog\/destaques-de-marco-de-2026-visibilidade-novos-caminhos-e-grandes-conquistas\/","title":{"rendered":"DESTAQUES DE MAR\u00c7O DE 2026 \u2013 VISIBILIDADE, NOVOS CAMINHOS E GRANDES CONQUISTAS"},"content":{"rendered":"<div class=\"wpb-content-wrapper\">[vc_row][vc_column]<div  class=\"clear swmsc_gap\" style=\"margin:50px 0 0 0;\"><\/div><div  class=\"swmsc_text_block\" > \n<blockquote>\n<section class=\"text-token-text-primary w-full focus:outline-none [--shadow-height:45px] has-data-writing-block:pointer-events-none has-data-writing-block:-mt-(--shadow-height) has-data-writing-block:pt-(--shadow-height) [&amp;:has([data-writing-block])&gt;*]:pointer-events-auto scroll-mt-(--header-height)\" dir=\"auto\" data-turn-id=\"1ede4972-f4de-4ee7-9570-fc6ac0734ad6\" data-testid=\"conversation-turn-9\" data-scroll-anchor=\"false\" data-turn=\"user\"><\/section>\n<section class=\"text-token-text-primary w-full focus:outline-none [--shadow-height:45px] has-data-writing-block:pointer-events-none has-data-writing-block:-mt-(--shadow-height) has-data-writing-block:pt-(--shadow-height) [&amp;:has([data-writing-block])&gt;*]:pointer-events-auto scroll-mt-[calc(var(--header-height)+min(200px,max(70px,20svh)))]\" dir=\"auto\" data-turn-id=\"request-WEB:a1417a23-f9a9-4ec2-b53b-d7c94fc91a29-4\" data-testid=\"conversation-turn-10\" data-scroll-anchor=\"true\" data-turn=\"assistant\">\n<div class=\"text-base my-auto mx-auto pb-10 [--thread-content-margin:var(--thread-content-margin-xs,calc(var(--spacing)*4))] @w-sm\/main:[--thread-content-margin:var(--thread-content-margin-sm,calc(var(--spacing)*6))] @w-lg\/main:[--thread-content-margin:var(--thread-content-margin-lg,calc(var(--spacing)*16))] px-(--thread-content-margin)\">\n<div class=\"[--thread-content-max-width:40rem] @w-lg\/main:[--thread-content-max-width:48rem] mx-auto max-w-(--thread-content-max-width) flex-1 group\/turn-messages focus-visible:outline-hidden relative flex w-full min-w-0 flex-col agent-turn\">\n<div class=\"flex max-w-full flex-col gap-4 grow\">\n<div class=\"min-h-8 text-message relative flex w-full flex-col items-end gap-2 text-start break-words whitespace-normal outline-none keyboard-focused:focus-ring [.text-message+&amp;]:mt-1\" dir=\"auto\" tabindex=\"0\" data-message-author-role=\"assistant\" data-message-id=\"b82243f4-a229-4b45-a1e8-2cfe6d7a9cc7\" data-message-model-slug=\"gpt-5-3\" data-turn-start-message=\"true\">\n<div class=\"flex w-full flex-col gap-1 empty:hidden\">\n<div class=\"markdown prose dark:prose-invert w-full wrap-break-word light markdown-new-styling\">\n<p style=\"text-align: center;\" data-start=\"0\" data-end=\"32\">Querida comunidade Eco Caminhos,<\/p>\n<p style=\"text-align: center;\" data-start=\"34\" data-end=\"290\" data-is-last-node=\"\" data-is-only-node=\"\">Mar\u00e7o foi um m\u00eas de conex\u00f5es significativas, novas parcerias e aprendizado pr\u00e1tico no Eco Caminhos. De colabora\u00e7\u00f5es internacionais a celebra\u00e7\u00f5es comunit\u00e1rias e novos caminhos na fazenda, foi um per\u00edodo de crescimento, alegria e experi\u00eancias compartilhadas.<\/p>\n<\/div>\n<\/div>\n<\/div>\n<\/div>\n<\/div>\n<\/div>\n<\/section>\n<\/blockquote>\n<\/div><div  class=\"clear swmsc_gap\" style=\"margin:20px 0 0 0;\"><\/div><div  class=\"swmsc_custom_dividers swmsc_dividers_line_dot text_align_center\" style=\"margin-top:20px;margin-bottom:20px; clear:both;\"><div class=\"swmsc_dividers_dotline_holder\" style=\"max-width:80px;\">\n\t\t\t\t\t\t\t\t\t<span class=\"swmsc_dividers_dotline_line\" style=\"background-color:#444444;\"><\/span>\n\t\t\t\t\t\t\t\t\t<span class=\"swmsc_dividers_dotline_dot\" style=\"background-color:#444444;\"><\/span>\n\t\t\t\t\t\t\t\t\t<div class=\"clear\"><\/div>\n\t\t\t\t\t\t\t\t<\/div><\/div><div  class=\"clear swmsc_gap\" style=\"margin:50px 0 0 0;\"><\/div>[\/vc_column][\/vc_row][vc_row][vc_column width=&#8221;3\/5&#8243;]<div  class=\"clear swmsc_gap\" style=\"margin:20px 0 0 0;\"><\/div><div  class=\"swmsc_text_block\" > \n<h2 style=\"text-align: center;\"><b>Visita do FUNIMA \u00e0 Nossa Fazenda Ecol\u00f3gica e Entrevista com Bart<\/b><\/h2>\n<p><span style=\"font-weight: 400;\">No m\u00eas passado, tivemos uma visita especial da FUNIMA INTERNATIONAL ETS, uma ONG italiana que atua no combate \u00e0 pobreza e aos desafios ambientais, com particular aten\u00e7\u00e3o aos jovens e \u00e0s comunidades vulner\u00e1veis, promovendo tamb\u00e9m a sustentabilidade e a inclus\u00e3o.<\/span><\/p>\n<p><span style=\"font-weight: 400;\">Durante dois dias, eles participaram das nossas atividades e conheceram de perto nossa fazenda de permacultura no Brasil, agrofloresta e pr\u00e1ticas de sustentabilidade e no final, encantaram-se pela fazenda e pela forma como a permacultura \u00e9 aplicada na Eco Caminhos.<\/span><\/p>\n<p><span style=\"font-weight: 400;\">Al\u00e9m disso, convidaram nosso fundador, Bart, para uma entrevista (que em breve ser\u00e1 publicada) e atualmente estamos explorando oportunidades de futuras parcerias.<\/span><\/div><div  class=\"clear swmsc_gap\" style=\"margin:100px 0 0 0;\"><\/div><div  class=\"swmsc_image_lightbox  image_left\" >\n\n\t\t\t\t\t\t<div class=\"swmsc_image_lightbox_img\"><img decoding=\"async\" alt=\"\" src=\"https:\/\/ecocaminhos.com\/wp-content\/uploads\/2026\/04\/funima-1.png\" class=\"\" style=\"border-radius:5px;\" title=\"\"><div class=\"swmsc_img_overlay\" style=\"border-radius:5px;\">\n\t\t\t\t\t\t\t\t\t\t\t\t<a class=\"swmsc_popup_img\" href=\"#\" title=\"\" target=\"_self\" >\n\t\t\t\t\t\t\t\t\t\t\t\t\t<i class=\"fa fa-search\"><\/i>\n\t\t\t\t\t\t\t\t\t\t\t\t<\/a>\n\t\t\t\t\t\t\t\t\t\t\t<\/div><\/div><\/div>[\/vc_column][vc_column width=&#8221;2\/5&#8243;]<div  class=\"swmsc_image_lightbox  image_left\" >\n\n\t\t\t\t\t\t<div class=\"swmsc_image_lightbox_img\"><img decoding=\"async\" alt=\"\" src=\"https:\/\/ecocaminhos.com\/wp-content\/uploads\/2026\/04\/WhatsApp-Image-2026-04-06-at-08.42.16-2-e1775645194304.jpeg\" class=\"\" style=\"border-radius:5px;\" title=\"\"><div class=\"swmsc_img_overlay\" style=\"border-radius:5px;\">\n\t\t\t\t\t\t\t\t\t\t\t\t<a class=\"swmsc_popup_img\" href=\"#\" title=\"\" target=\"_self\" >\n\t\t\t\t\t\t\t\t\t\t\t\t\t<i class=\"fa fa-search\"><\/i>\n\t\t\t\t\t\t\t\t\t\t\t\t<\/a>\n\t\t\t\t\t\t\t\t\t\t\t<\/div><\/div><\/div>[\/vc_column][\/vc_row][vc_row][vc_column]<div  class=\"clear swmsc_gap\" style=\"margin:30px 0 0 0;\"><\/div><div  class=\"swmsc_custom_dividers swmsc_dividers_line_dot text_align_center\" style=\"margin-top:20px;margin-bottom:20px; clear:both;\"><div class=\"swmsc_dividers_dotline_holder\" style=\"max-width:80px;\">\n\t\t\t\t\t\t\t\t\t<span class=\"swmsc_dividers_dotline_line\" style=\"background-color:#444444;\"><\/span>\n\t\t\t\t\t\t\t\t\t<span class=\"swmsc_dividers_dotline_dot\" style=\"background-color:#444444;\"><\/span>\n\t\t\t\t\t\t\t\t\t<div class=\"clear\"><\/div>\n\t\t\t\t\t\t\t\t<\/div><\/div><div  class=\"clear swmsc_gap\" style=\"margin:30px 0 0 0;\"><\/div><div  class=\"swmsc_text_block\" > \n<h2 style=\"text-align: center;\"><b>Iniciativa sustent\u00e1vel Internacional na nossa fazenda de permacultura<\/b><\/h2>\n<p><span style=\"font-weight: 400;\">Em mar\u00e7o, tamb\u00e9m tivemos a alegria de participar de uma iniciativa internacional de reflorestamento. Em parceria com o Planting on Demand, uma organiza\u00e7\u00e3o n\u00e3o-governamental da Holanda e a 1 Click Impact, plantamos 100 \u00e1rvores frut\u00edferas, contribuindo tanto para a restaura\u00e7\u00e3o ambiental quanto para a sustentabilidade local.<\/span><\/p>\n<p><span style=\"font-weight: 400;\">Como parte dessa colabora\u00e7\u00e3o, realizamos uma live na qual Bart apresentou o trabalho da Eco Caminhos e demonstrou o processo de plantio em nossa agrofloresta. Isso incluiu t\u00e9cnicas de preparo do solo, o uso de troncos de bananeira para nutrir o solo e outras pr\u00e1ticas sustent\u00e1veis.<\/span><\/div><div  class=\"clear swmsc_gap\" style=\"margin:30px 0 0 0;\"><\/div>[\/vc_column][\/vc_row][vc_row][vc_column width=&#8221;1\/3&#8243;]<div  class=\"swmsc_image_lightbox  image_left  #pod\" >\n\n\t\t\t\t\t\t<div class=\"swmsc_image_lightbox_img\"><img decoding=\"async\" alt=\"\" src=\"https:\/\/ecocaminhos.com\/wp-content\/uploads\/2026\/04\/Ana-pod-1-e1775496778611.png\" class=\"\" style=\"border-radius:5px;\" title=\"\"><div class=\"swmsc_img_overlay\" style=\"border-radius:5px;\">\n\t\t\t\t\t\t\t\t\t\t\t\t<a class=\"swmsc_popup_img\" href=\"#\" title=\"\" target=\"_self\" >\n\t\t\t\t\t\t\t\t\t\t\t\t\t<i class=\"fa fa-search\"><\/i>\n\t\t\t\t\t\t\t\t\t\t\t\t<\/a>\n\t\t\t\t\t\t\t\t\t\t\t<\/div><\/div><\/div>[\/vc_column][vc_column width=&#8221;1\/3&#8243;]<div  class=\"swmsc_image_lightbox  image_left  #pod\" >\n\n\t\t\t\t\t\t<div class=\"swmsc_image_lightbox_img\"><img decoding=\"async\" alt=\"\" src=\"https:\/\/ecocaminhos.com\/wp-content\/uploads\/2026\/04\/Bart-pod-e1775499886155.png\" class=\"\" style=\"border-radius:5px;\" title=\"\"><div class=\"swmsc_img_overlay\" style=\"border-radius:5px;\">\n\t\t\t\t\t\t\t\t\t\t\t\t<a class=\"swmsc_popup_img\" href=\"#\" title=\"\" target=\"_self\" >\n\t\t\t\t\t\t\t\t\t\t\t\t\t<i class=\"fa fa-search\"><\/i>\n\t\t\t\t\t\t\t\t\t\t\t\t<\/a>\n\t\t\t\t\t\t\t\t\t\t\t<\/div><\/div><\/div>[\/vc_column][vc_column width=&#8221;1\/3&#8243;]<div  class=\"swmsc_image_lightbox  image_left  #pod\" >\n\n\t\t\t\t\t\t<div class=\"swmsc_image_lightbox_img\"><img decoding=\"async\" alt=\"\" src=\"https:\/\/ecocaminhos.com\/wp-content\/uploads\/2026\/04\/jonathan-pod-e1775496851472.png\" class=\"\" style=\"border-radius:5px;\" title=\"\"><div class=\"swmsc_img_overlay\" style=\"border-radius:5px;\">\n\t\t\t\t\t\t\t\t\t\t\t\t<a class=\"swmsc_popup_img\" href=\"#\" title=\"\" target=\"_self\" >\n\t\t\t\t\t\t\t\t\t\t\t\t\t<i class=\"fa fa-search\"><\/i>\n\t\t\t\t\t\t\t\t\t\t\t\t<\/a>\n\t\t\t\t\t\t\t\t\t\t\t<\/div><\/div><\/div>[\/vc_column][\/vc_row][vc_row][vc_column]<div  class=\"clear swmsc_gap\" style=\"margin:30px 0 0 0;\"><\/div><div  class=\"swmsc_custom_dividers swmsc_dividers_line_dot text_align_center\" style=\"margin-top:20px;margin-bottom:20px; clear:both;\"><div class=\"swmsc_dividers_dotline_holder\" style=\"max-width:80px;\">\n\t\t\t\t\t\t\t\t\t<span class=\"swmsc_dividers_dotline_line\" style=\"background-color:#444444;\"><\/span>\n\t\t\t\t\t\t\t\t\t<span class=\"swmsc_dividers_dotline_dot\" style=\"background-color:#444444;\"><\/span>\n\t\t\t\t\t\t\t\t\t<div class=\"clear\"><\/div>\n\t\t\t\t\t\t\t\t<\/div><\/div><div  class=\"swmsc_text_block\" > \n<h2 style=\"text-align: center;\"><b>Volunt\u00e1rio do nosso Programa de Pesquisa Inaugura Trilha na nossa Eco Fazenda<\/b><\/h2>\n<\/div><div  class=\"clear swmsc_gap\" style=\"margin:30px 0 0 0;\"><\/div><div class=\"center\"><div  class=\"swmsc_image_lightbox  image_center\" >\n\n\t\t\t\t\t\t<div class=\"swmsc_image_lightbox_img\"><img decoding=\"async\" alt=\"\" src=\"https:\/\/ecocaminhos.com\/wp-content\/uploads\/2026\/04\/rens-trail-2-1.png\" class=\"\" style=\"border-radius:5px;\" title=\"\"><div class=\"swmsc_img_overlay\" style=\"border-radius:5px;\">\n\t\t\t\t\t\t\t\t\t\t\t\t<a class=\"swmsc_popup_img\" href=\"#\" title=\"\" target=\"_self\" >\n\t\t\t\t\t\t\t\t\t\t\t\t\t<i class=\"fa fa-search\"><\/i>\n\t\t\t\t\t\t\t\t\t\t\t\t<\/a>\n\t\t\t\t\t\t\t\t\t\t\t<\/div><\/div><\/div><\/div><div  class=\"clear swmsc_gap\" style=\"margin:30px 0 0 0;\"><\/div>[\/vc_column][\/vc_row][vc_row][vc_column width=&#8221;1\/2&#8243;]<div  class=\"swmsc_image_lightbox  image_left\" >\n\n\t\t\t\t\t\t<div class=\"swmsc_image_lightbox_img\"><img decoding=\"async\" alt=\"\" src=\"https:\/\/ecocaminhos.com\/wp-content\/uploads\/2026\/04\/Rens-Trail-e1775500271989.png\" class=\"\" style=\"border-radius:5px;\" title=\"\"><div class=\"swmsc_img_overlay\" style=\"border-radius:5px;\">\n\t\t\t\t\t\t\t\t\t\t\t\t<a class=\"swmsc_popup_img\" href=\"#\" title=\"\" target=\"_self\" >\n\t\t\t\t\t\t\t\t\t\t\t\t\t<i class=\"fa fa-search\"><\/i>\n\t\t\t\t\t\t\t\t\t\t\t\t<\/a>\n\t\t\t\t\t\t\t\t\t\t\t<\/div><\/div><\/div>[\/vc_column][vc_column width=&#8221;1\/2&#8243;]<div  class=\"clear swmsc_gap\" style=\"margin:50px 0 0 0;\"><\/div><div  class=\"swmsc_text_block\" > <span style=\"font-weight: 400;\">Mar\u00e7o fechou o ver\u00e3o e abriu novos caminhos.<\/span><\/p>\n<p><span style=\"font-weight: 400;\">Um volunt\u00e1rio da Holanda, Rens Zijderveld, que ingressou em nosso Research Program, precisava acessar uma \u00e1rea ao lado do Ecolibrium para suas pesquisas, ent\u00e3o, com ajuda do casal de volunt\u00e1rios Ingleses (Bryn e Eleanor) decidiu abrir uma trilha para facilitar o acesso.<\/span><\/p>\n<p><span style=\"font-weight: 400;\">Esta trilha conecta o SAF 5 ao Ecolibrium passando por uma \u00e1rea coberta por mata Atl\u00e2ntica prim\u00e1ria.<\/span><\/p>\n<p><span style=\"font-weight: 400;\">E a inaugura\u00e7\u00e3o foi um sucesso! Ele certamente deixou sua marca aqui na Eco Caminhos.<\/span><\/div>[\/vc_column][\/vc_row][vc_row][vc_column]<div  class=\"clear swmsc_gap\" style=\"margin:50px 0 0 0;\"><\/div><div  class=\"swmsc_custom_dividers swmsc_dividers_line_dot text_align_center\" style=\"margin-top:20px;margin-bottom:20px; clear:both;\"><div class=\"swmsc_dividers_dotline_holder\" style=\"max-width:80px;\">\n\t\t\t\t\t\t\t\t\t<span class=\"swmsc_dividers_dotline_line\" style=\"background-color:#444444;\"><\/span>\n\t\t\t\t\t\t\t\t\t<span class=\"swmsc_dividers_dotline_dot\" style=\"background-color:#444444;\"><\/span>\n\t\t\t\t\t\t\t\t\t<div class=\"clear\"><\/div>\n\t\t\t\t\t\t\t\t<\/div><\/div><div  class=\"clear swmsc_gap\" style=\"margin:30px 0 0 0;\"><\/div><div  class=\"swmsc_text_block\" > \n<h2 style=\"text-align: center;\"><b>Volunt\u00e1rios celebram seus anivers\u00e1rios em nossa Eco Caminhos<\/b><\/h2>\n<\/div><div  class=\"clear swmsc_gap\" style=\"margin:30px 0 0 0;\"><\/div>[\/vc_column][\/vc_row][vc_row][vc_column width=&#8221;1\/2&#8243;]<div  class=\"swmsc_text_block\" > \n<h2 style=\"text-align: center;\"><\/h2>\n<p><span style=\"font-weight: 400;\">Este foi um m\u00eas de muitas comemora\u00e7\u00f5es em nossa Eco fazenda!<\/span><\/p>\n<p><span style=\"font-weight: 400;\">Celebramos os anivers\u00e1rios de Hellen, Rodrigo e Vanessa,\u00a0 com muito karaok\u00ea, comidas deliciosas, jogos e muita anima\u00e7\u00e3o. Foi um momento especial de conex\u00e3o, alegria e partilha entre todos.<\/span><\/p>\n<p><span style=\"font-weight: 400;\">A Eco Caminhos deseja a eles muito sucesso, felicidade e realiza\u00e7\u00f5es. Que seus caminhos sejam cada dia mais iluminados!<\/span><\/div><div  class=\"clear swmsc_gap\" style=\"margin:80px 0 0 0;\"><\/div><div  class=\"swmsc_image_lightbox  image_left\" >\n\n\t\t\t\t\t\t<div class=\"swmsc_image_lightbox_img\"><img decoding=\"async\" alt=\"\" src=\"https:\/\/ecocaminhos.com\/wp-content\/uploads\/2026\/04\/WhatsApp-Image-2026-04-03-at-15.54.25-1.jpeg\" class=\"\" style=\"border-radius:5px;\" title=\"\"><div class=\"swmsc_img_overlay\" style=\"border-radius:5px;\">\n\t\t\t\t\t\t\t\t\t\t\t\t<a class=\"swmsc_popup_img\" href=\"#\" title=\"\" target=\"_self\" >\n\t\t\t\t\t\t\t\t\t\t\t\t\t<i class=\"fa fa-search\"><\/i>\n\t\t\t\t\t\t\t\t\t\t\t\t<\/a>\n\t\t\t\t\t\t\t\t\t\t\t<\/div><\/div><\/div>[\/vc_column][vc_column width=&#8221;1\/2&#8243;]<div  class=\"swmsc_image_lightbox  image_left\" >\n\n\t\t\t\t\t\t<div class=\"swmsc_image_lightbox_img\"><img decoding=\"async\" alt=\"\" src=\"https:\/\/ecocaminhos.com\/wp-content\/uploads\/2026\/04\/WhatsApp-Image-2026-04-06-at-11.23.48-scaled.jpeg\" class=\"\" style=\"border-radius:5px;\" title=\"\"><div class=\"swmsc_img_overlay\" style=\"border-radius:5px;\">\n\t\t\t\t\t\t\t\t\t\t\t\t<a class=\"swmsc_popup_img\" href=\"#\" title=\"\" target=\"_self\" >\n\t\t\t\t\t\t\t\t\t\t\t\t\t<i class=\"fa fa-search\"><\/i>\n\t\t\t\t\t\t\t\t\t\t\t\t<\/a>\n\t\t\t\t\t\t\t\t\t\t\t<\/div><\/div><\/div>[\/vc_column][\/vc_row][vc_row][vc_column]<div  class=\"clear swmsc_gap\" style=\"margin:30px 0 0 0;\"><\/div><div  class=\"swmsc_custom_dividers swmsc_dividers_line_dot text_align_center\" style=\"margin-top:20px;margin-bottom:20px; clear:both;\"><div class=\"swmsc_dividers_dotline_holder\" style=\"max-width:80px;\">\n\t\t\t\t\t\t\t\t\t<span class=\"swmsc_dividers_dotline_line\" style=\"background-color:#444444;\"><\/span>\n\t\t\t\t\t\t\t\t\t<span class=\"swmsc_dividers_dotline_dot\" style=\"background-color:#444444;\"><\/span>\n\t\t\t\t\t\t\t\t\t<div class=\"clear\"><\/div>\n\t\t\t\t\t\t\t\t<\/div><\/div><div  class=\"clear swmsc_gap\" style=\"margin:50px 0 0 0;\"><\/div>[\/vc_column][\/vc_row][vc_row][vc_column width=&#8221;1\/2&#8243;]<div  class=\"clear swmsc_gap\" style=\"margin:20px 0 0 0;\"><\/div><div  class=\"swmsc_text_block\" > \n<h2 style=\"text-align: right;\"><b>Sustentabilidade da fazenda para a mesa &#8211; Workshop de Bolo de Pamonha\u00a0<\/b><\/h2>\n<p style=\"text-align: right;\"><span style=\"font-weight: 400;\">Tivemos um delicioso workshop de bolo de pamonha, onde a Hellen nos ensinou cada etapa do preparo do milho fresco \u00e0 receita final.<\/span><\/p>\n<p style=\"text-align: right;\"><span style=\"font-weight: 400;\">A experi\u00eancia foi leve e divertida, cheia de trocas, risadas e, claro, sabores incr\u00edveis. Contamos at\u00e9 com uma mini aula de dan\u00e7a durante o processo de prepara\u00e7\u00e3o das comidas. No final, todos puderam saborear o resultado e levar um pouco desse conhecimento tradicional consigo.<\/span><\/p>\n<\/div>[\/vc_column][vc_column width=&#8221;1\/2&#8243;]<div  class=\"swmsc_image_lightbox  image_left\" >\n\n\t\t\t\t\t\t<div class=\"swmsc_image_lightbox_img\"><img decoding=\"async\" alt=\"\" src=\"https:\/\/ecocaminhos.com\/wp-content\/uploads\/2026\/04\/pamonha-cake-e1775502202780.png\" class=\"\" style=\"border-radius:5px;\" title=\"\"><div class=\"swmsc_img_overlay\" style=\"border-radius:5px;\">\n\t\t\t\t\t\t\t\t\t\t\t\t<a class=\"swmsc_popup_img\" href=\"#\" title=\"\" target=\"_self\" >\n\t\t\t\t\t\t\t\t\t\t\t\t\t<i class=\"fa fa-search\"><\/i>\n\t\t\t\t\t\t\t\t\t\t\t\t<\/a>\n\t\t\t\t\t\t\t\t\t\t\t<\/div><\/div><\/div>[\/vc_column][\/vc_row][vc_row][vc_column]<div  class=\"clear swmsc_gap\" style=\"margin:20px 0 0 0;\"><\/div><div  class=\"swmsc_custom_dividers swmsc_dividers_line_dot text_align_center\" style=\"margin-top:20px;margin-bottom:20px; clear:both;\"><div class=\"swmsc_dividers_dotline_holder\" style=\"max-width:80px;\">\n\t\t\t\t\t\t\t\t\t<span class=\"swmsc_dividers_dotline_line\" style=\"background-color:#444444;\"><\/span>\n\t\t\t\t\t\t\t\t\t<span class=\"swmsc_dividers_dotline_dot\" style=\"background-color:#444444;\"><\/span>\n\t\t\t\t\t\t\t\t\t<div class=\"clear\"><\/div>\n\t\t\t\t\t\t\t\t<\/div><\/div><div  class=\"clear swmsc_gap\" style=\"margin:30px 0 0 0;\"><\/div><div  class=\"swmsc_text_block\" > \n<p style=\"text-align: center;\" data-start=\"0\" data-end=\"50\">Encerramos mar\u00e7o nos sentindo gratos e realizados!<\/p>\n<p style=\"text-align: center;\" data-start=\"52\" data-end=\"186\" data-is-last-node=\"\" data-is-only-node=\"\">Com novas experi\u00eancias, mais visibilidade e conquistas significativas, foi um m\u00eas de expans\u00e3o de horizontes, conex\u00e3o e novos caminhos.<\/p>\n<\/div><div  class=\"clear swmsc_gap\" style=\"margin:30px 0 0 0;\"><\/div><div  class=\"swmsc_custom_dividers swmsc_dividers_line_dot text_align_center\" style=\"margin-top:20px;margin-bottom:20px; clear:both;\"><div class=\"swmsc_dividers_dotline_holder\" style=\"max-width:80px;\">\n\t\t\t\t\t\t\t\t\t<span class=\"swmsc_dividers_dotline_line\" style=\"background-color:#444444;\"><\/span>\n\t\t\t\t\t\t\t\t\t<span class=\"swmsc_dividers_dotline_dot\" style=\"background-color:#444444;\"><\/span>\n\t\t\t\t\t\t\t\t\t<div class=\"clear\"><\/div>\n\t\t\t\t\t\t\t\t<\/div><\/div>[\/vc_column][\/vc_row][vc_row][vc_column width=&#8221;1\/2&#8243;]<div  class=\"swmsc_text_block\" > \n<p style=\"text-align: center;\"><em><strong>Descubra nossos programas:<\/strong><\/em><\/p>\n<ul>\n<li style=\"text-align: left;\"><strong>Experimente nossas viv\u00eancias de ecoturismo (de 1 dia a 1 semana): <a href=\"https:\/\/ecocaminhos.com\/br\/eco-turismo-no-brasil-ferias-em-familia\/\"><span style=\"color: #339966;\">Veja mais<\/span><\/a><\/strong><\/li>\n<li style=\"text-align: left;\"><strong>Participe do nosso programa de voluntariado (a partir de 1 semana),<\/strong> com refei\u00e7\u00f5es, acomoda\u00e7\u00e3o, treinamento e excurs\u00f5es inclu\u00eddos:<strong>\u00a0<span style=\"color: #339966;\"><a class=\"decorated-link\" style=\"color: #339966;\" href=\"https:\/\/ecocaminhos.com\/br\/voluntariado-de-curto-prazo\/\" data-start=\"710\" data-end=\"779\">Veja mais<\/a><\/span><\/strong><\/li>\n<\/ul>\n<\/div>[\/vc_column][vc_column width=&#8221;1\/2&#8243;]<div  class=\"clear swmsc_gap\" style=\"margin:50px 0 0 0;\"><\/div><div  class=\"swmsc_text_block\" > \n<ul>\n<li style=\"text-align: left;\" data-start=\"785\" data-end=\"858\"><strong>Inscreva-se na nossa newsletter: <a title=\"Fique por dentro das \u00faltimas not\u00edcias\" href=\"https:\/\/ecocaminhos.com\/br\/application-form\/\"><span style=\"color: #339966;\">Stay updated with our latest news<\/span><\/a><\/strong><\/li>\n<li style=\"text-align: left;\" data-start=\"861\" data-end=\"908\"><strong>Siga-nos no Instagram: <span style=\"color: #339966;\"><a class=\"decorated-link\" style=\"color: #339966;\" href=\"https:\/\/www.instagram.com\/ecocaminhos\/\" rel=\"noopener\" data-start=\"889\" data-end=\"906\" target=\"_blank\">@ecocaminhos<\/a><\/span><\/strong><\/li>\n<li style=\"text-align: left;\" data-start=\"911\" data-end=\"980\"><strong>Inscreva-se no canal do Youtube: <span style=\"color: #339966;\"><a class=\"decorated-link\" style=\"color: #339966;\" href=\"https:\/\/www.youtube.com\/@ecocaminhosfarm?sub_confirmation=1\" data-start=\"949\" data-end=\"978\" target=\"_blank\" rel=\"noopener\">Assista aos videos e stories<\/a><\/span><\/strong><\/li>\n<\/ul>\n<\/div>[\/vc_column][\/vc_row]\n<\/div>","protected":false},"excerpt":{"rendered":"<p>Veja as novidades de Mar\u00e7o: Novas trilhas, visitas de ONGs, participa\u00e7\u00e3o em projetos internacionais, e muito mais!<\/p>\n","protected":false},"author":44,"featured_media":30586,"comment_status":"closed","ping_status":"open","sticky":false,"template":"","format":"standard","meta":{"footnotes":"","_links_to":"","_links_to_target":""},"categories":[1],"tags":[],"class_list":["post-30502","post","type-post","status-publish","format-standard","has-post-thumbnail","hentry","category-uncategorized"],"jetpack_featured_media_url":"https:\/\/ecocaminhos.com\/wp-content\/uploads\/2026\/04\/Rens-trail-foto-final.png","rttpg_featured_image_url":{"full":["https:\/\/ecocaminhos.com\/wp-content\/uploads\/2026\/04\/Rens-trail-foto-final.png",932,691,false],"landscape":["https:\/\/ecocaminhos.com\/wp-content\/uploads\/2026\/04\/Rens-trail-foto-final.png",932,691,false],"portraits":["https:\/\/ecocaminhos.com\/wp-content\/uploads\/2026\/04\/Rens-trail-foto-final.png",932,691,false],"thumbnail":["https:\/\/ecocaminhos.com\/wp-content\/uploads\/2026\/04\/Rens-trail-foto-final-150x150.png",150,150,true],"medium":["https:\/\/ecocaminhos.com\/wp-content\/uploads\/2026\/04\/Rens-trail-foto-final-300x222.png",300,222,true],"large":["https:\/\/ecocaminhos.com\/wp-content\/uploads\/2026\/04\/Rens-trail-foto-final.png",932,691,false],"1536x1536":["https:\/\/ecocaminhos.com\/wp-content\/uploads\/2026\/04\/Rens-trail-foto-final.png",932,691,false],"2048x2048":["https:\/\/ecocaminhos.com\/wp-content\/uploads\/2026\/04\/Rens-trail-foto-final.png",932,691,false],"classic-grid-listing":["https:\/\/ecocaminhos.com\/wp-content\/uploads\/2026\/04\/Rens-trail-foto-final-600x445.png",600,445,true],"classic-list-listing":["https:\/\/ecocaminhos.com\/wp-content\/uploads\/2026\/04\/Rens-trail-foto-final-216x160.png",216,160,true],"modern-grid-listing":["https:\/\/ecocaminhos.com\/wp-content\/uploads\/2026\/04\/Rens-trail-foto-final-600x384.png",600,384,true],"product-page-image":["https:\/\/ecocaminhos.com\/wp-content\/uploads\/2026\/04\/Rens-trail-foto-final-600x445.png",600,445,true],"product-category-page-image":["https:\/\/ecocaminhos.com\/wp-content\/uploads\/2026\/04\/Rens-trail-foto-final-600x445.png",600,445,true],"swmsc-related-posts":["https:\/\/ecocaminhos.com\/wp-content\/uploads\/2026\/04\/Rens-trail-foto-final-500x344.png",500,344,true],"swmsc-recent-post-tiny":["https:\/\/ecocaminhos.com\/wp-content\/uploads\/2026\/04\/Rens-trail-foto-final-90x90.png",90,90,true],"swmsc-grid-image":["https:\/\/ecocaminhos.com\/wp-content\/uploads\/2026\/04\/Rens-trail-foto-final-670x460.png",670,460,true],"swmsc-square-image":["https:\/\/ecocaminhos.com\/wp-content\/uploads\/2026\/04\/Rens-trail-foto-final-670x670.png",670,670,true],"swmsc-blog-featured":["https:\/\/ecocaminhos.com\/wp-content\/uploads\/2026\/04\/Rens-trail-foto-final-850x520.png",850,520,true],"woocommerce_thumbnail":["https:\/\/ecocaminhos.com\/wp-content\/uploads\/2026\/04\/Rens-trail-foto-final-150x150.png",150,150,true],"woocommerce_single":["https:\/\/ecocaminhos.com\/wp-content\/uploads\/2026\/04\/Rens-trail-foto-final-300x222.png",300,222,true],"woocommerce_gallery_thumbnail":["https:\/\/ecocaminhos.com\/wp-content\/uploads\/2026\/04\/Rens-trail-foto-final-100x100.png",100,100,true],"ecoworld-blog-featured":["https:\/\/ecocaminhos.com\/wp-content\/uploads\/2026\/04\/Rens-trail-foto-final-850x520.png",850,520,true],"ecoworld-blog-full":["https:\/\/ecocaminhos.com\/wp-content\/uploads\/2026\/04\/Rens-trail-foto-final-932x520.png",932,520,true],"ecoworld-related-posts":["https:\/\/ecocaminhos.com\/wp-content\/uploads\/2026\/04\/Rens-trail-foto-final-500x344.png",500,344,true],"ecoworld-recent-post-tiny":["https:\/\/ecocaminhos.com\/wp-content\/uploads\/2026\/04\/Rens-trail-foto-final-90x90.png",90,90,true],"ecoworld-grid-image":["https:\/\/ecocaminhos.com\/wp-content\/uploads\/2026\/04\/Rens-trail-foto-final-670x460.png",670,460,true],"ecoworld-standard":["https:\/\/ecocaminhos.com\/wp-content\/uploads\/2026\/04\/Rens-trail-foto-final-670x691.png",670,691,true],"ecoworld-square-image":["https:\/\/ecocaminhos.com\/wp-content\/uploads\/2026\/04\/Rens-trail-foto-final-670x670.png",670,670,true]},"rttpg_author":{"display_name":"Camila Prado","author_link":"https:\/\/ecocaminhos.com\/br\/blog\/author\/camilaprado\/"},"rttpg_comment":0,"rttpg_category":"<a href=\"https:\/\/ecocaminhos.com\/br\/blog\/category\/uncategorized\/\" rel=\"category tag\">Uncategorized<\/a>","rttpg_excerpt":"Veja as novidades de Mar\u00e7o: Novas trilhas, visitas de ONGs, participa\u00e7\u00e3o em projetos internacionais, e muito mais!","post_mailing_queue_ids":[],"_links":{"self":[{"href":"https:\/\/ecocaminhos.com\/br\/wp-json\/wp\/v2\/posts\/30502","targetHints":{"allow":["GET"]}}],"collection":[{"href":"https:\/\/ecocaminhos.com\/br\/wp-json\/wp\/v2\/posts"}],"about":[{"href":"https:\/\/ecocaminhos.com\/br\/wp-json\/wp\/v2\/types\/post"}],"author":[{"embeddable":true,"href":"https:\/\/ecocaminhos.com\/br\/wp-json\/wp\/v2\/users\/44"}],"replies":[{"embeddable":true,"href":"https:\/\/ecocaminhos.com\/br\/wp-json\/wp\/v2\/comments?post=30502"}],"version-history":[{"count":69,"href":"https:\/\/ecocaminhos.com\/br\/wp-json\/wp\/v2\/posts\/30502\/revisions"}],"predecessor-version":[{"id":30604,"href":"https:\/\/ecocaminhos.com\/br\/wp-json\/wp\/v2\/posts\/30502\/revisions\/30604"}],"wp:featuredmedia":[{"embeddable":true,"href":"https:\/\/ecocaminhos.com\/br\/wp-json\/wp\/v2\/media\/30586"}],"wp:attachment":[{"href":"https:\/\/ecocaminhos.com\/br\/wp-json\/wp\/v2\/media?parent=30502"}],"wp:term":[{"taxonomy":"category","embeddable":true,"href":"https:\/\/ecocaminhos.com\/br\/wp-json\/wp\/v2\/categories?post=30502"},{"taxonomy":"post_tag","embeddable":true,"href":"https:\/\/ecocaminhos.com\/br\/wp-json\/wp\/v2\/tags?post=30502"}],"curies":[{"name":"wp","href":"https:\/\/api.w.org\/{rel}","templated":true}]}}