{"id":30649,"date":"2026-05-01T10:43:57","date_gmt":"2026-05-01T13:43:57","guid":{"rendered":"https:\/\/ecocaminhos.com\/?p=30649"},"modified":"2026-05-01T16:06:48","modified_gmt":"2026-05-01T19:06:48","slug":"april-2026-highlights-youth-and-visibility-mediterranean-guests-and-the-marvels-of-our-farm","status":"publish","type":"post","link":"https:\/\/ecocaminhos.com\/br\/blog\/english-april-2026-highlights-youth-and-visibility-mediterranean-guests-and-the-marvels-of-our-farm\/","title":{"rendered":"Destaques de Abril 2026 &#8211; Juventude e visibilidade, visitantes do Mediterr\u00e2neo, e as maravilhas de nossa fazenda."},"content":{"rendered":"<div class=\"wpb-content-wrapper\">[vc_row][vc_column]<div  class=\"clear swmsc_gap\" style=\"margin:50px 0 0 0;\"><\/div><div  class=\"swmsc_text_block\" > \n<blockquote>\n<section class=\"text-token-text-primary w-full focus:outline-none [--shadow-height:45px] has-data-writing-block:pointer-events-none has-data-writing-block:-mt-(--shadow-height) has-data-writing-block:pt-(--shadow-height) [&amp;:has([data-writing-block])&gt;*]:pointer-events-auto R6Vx5W_threadScrollVars scroll-mb-[calc(var(--scroll-root-safe-area-inset-bottom,0px)+var(--thread-response-height))] scroll-mt-(--header-height)\" dir=\"auto\" data-turn-id=\"106c71a0-78d2-45be-9026-f405e053ae04\" data-testid=\"conversation-turn-1\" data-scroll-anchor=\"false\" data-turn=\"user\"><\/section>\n<section class=\"text-token-text-primary w-full focus:outline-none [--shadow-height:45px] has-data-writing-block:pointer-events-none has-data-writing-block:-mt-(--shadow-height) has-data-writing-block:pt-(--shadow-height) [&amp;:has([data-writing-block])&gt;*]:pointer-events-auto [content-visibility:auto] supports-[content-visibility:auto]:[contain-intrinsic-size:auto_100lvh] R6Vx5W_threadScrollVars scroll-mb-[calc(var(--scroll-root-safe-area-inset-bottom,0px)+var(--thread-response-height))] scroll-mt-[calc(var(--header-height)+min(200px,max(70px,20svh)))]\" dir=\"auto\" data-turn-id=\"request-WEB:dc3362a1-d159-4f93-9052-7fd74b8e0ad7-0\" data-testid=\"conversation-turn-2\" data-scroll-anchor=\"false\" data-turn=\"assistant\">\n<div class=\"text-base my-auto mx-auto pb-10 [--thread-content-margin:var(--thread-content-margin-xs,calc(var(--spacing)*4))] @w-sm\/main:[--thread-content-margin:var(--thread-content-margin-sm,calc(var(--spacing)*6))] @w-lg\/main:[--thread-content-margin:var(--thread-content-margin-lg,calc(var(--spacing)*16))] px-(--thread-content-margin)\">\n<div class=\"[--thread-content-max-width:40rem] @w-lg\/main:[--thread-content-max-width:48rem] mx-auto max-w-(--thread-content-max-width) flex-1 group\/turn-messages focus-visible:outline-hidden relative flex w-full min-w-0 flex-col agent-turn\">\n<div class=\"flex max-w-full flex-col gap-4 grow\">\n<div class=\"min-h-8 text-message relative flex w-full flex-col items-end gap-2 text-start break-words whitespace-normal outline-none keyboard-focused:focus-ring [.text-message+&amp;]:mt-1\" dir=\"auto\" tabindex=\"0\" data-message-author-role=\"assistant\" data-message-id=\"94508485-f4f7-4d91-bd49-75c002cedfa2\" data-message-model-slug=\"gpt-5-3\" data-turn-start-message=\"true\">\n<div class=\"flex w-full flex-col gap-1 empty:hidden\">\n<div class=\"markdown prose dark:prose-invert w-full wrap-break-word light markdown-new-styling\">\n<p style=\"text-align: center;\" data-start=\"0\" data-end=\"31\">\u00a0 \u00a0 \u00a0 Querida comunidade Eco Caminhos,<\/p>\n<p style=\"text-align: center;\" data-start=\"0\" data-end=\"31\"><span style=\"font-weight: 400;\">Abril no Eco Caminhos foi um m\u00eas de encontros significativos, interc\u00e2mbio cultural e experi\u00eancias pr\u00e1ticas. Cada dia foi \u00fanico, repleto de viv\u00eancias enriquecedoras, trazendo novas perspectivas sobre o que significa viver a permacultura em sua melhor forma.<\/span><\/p>\n<\/div>\n<\/div>\n<\/div>\n<\/div>\n<\/div>\n<\/div>\n<\/section>\n<\/blockquote>\n<\/div><div  class=\"clear swmsc_gap\" style=\"margin:30px 0 0 0;\"><\/div><div  class=\"swmsc_custom_dividers swmsc_dividers_line_dot text_align_center\" style=\"margin-top:20px;margin-bottom:20px; clear:both;\"><div class=\"swmsc_dividers_dotline_holder\" style=\"max-width:80px;\">\n\t\t\t\t\t\t\t\t\t<span class=\"swmsc_dividers_dotline_line\" style=\"background-color:#444444;\"><\/span>\n\t\t\t\t\t\t\t\t\t<span class=\"swmsc_dividers_dotline_dot\" style=\"background-color:#444444;\"><\/span>\n\t\t\t\t\t\t\t\t\t<div class=\"clear\"><\/div>\n\t\t\t\t\t\t\t\t<\/div><\/div><div  class=\"clear swmsc_gap\" style=\"margin:30px 0 0 0;\"><\/div>[\/vc_column][\/vc_row][vc_row][vc_column]<div  class=\"clear swmsc_gap\" style=\"margin:30px 0 0 0;\"><\/div><div  class=\"swmsc_text_block\" > \n<h2 style=\"text-align: center;\"><b>A visita das crian\u00e7as da escola local e do prefeito<\/b><\/h2>\n<p><span style=\"font-weight: 400;\">Neste m\u00eas, nosso trabalho na nossa fazenda de permacultura no Brasil pode ser visto sob diferentes perspectivas.<\/span><span style=\"font-weight: 400;\"><br \/>\n<\/span><span style=\"font-weight: 400;\">Recebemos, no mesmo dia, tanto crian\u00e7as de uma escola de Nova Friburgo quanto o prefeito da nossa cidade.<\/span><\/p>\n<p><span style=\"font-weight: 400;\">As crian\u00e7as participaram de atividades na fazenda, como coletar ovos, aprender sobre compostagem enquanto exploravam o calor do solo, brincar com as minhocas, e tamb\u00e9m tiveram uma experi\u00eancia culin\u00e1ria, participando do preparo de um bolo e lavando alface para a salada do nosso almo\u00e7o na fazenda.<\/span><span style=\"font-weight: 400;\"><br \/>\n<\/span><span style=\"font-weight: 400;\">Elas brincaram, dan\u00e7aram e cantaram com os volunt\u00e1rios da fazenda, al\u00e9m dos gregos e cipriotas do Wheeling2help.<\/span><\/p>\n<p><span style=\"font-weight: 400;\">Al\u00e9m disso, nossa eco fazenda recebeu a visita do prefeito da cidade e de sua equipe de secret\u00e1rios, incluindo representantes das \u00e1reas de educa\u00e7\u00e3o, desenvolvimento social e direitos humanos. Eles fizeram um tour pela fazenda e puderam conhecer mais sobre a Eco Caminhos, a Associa\u00e7\u00e3o Ecolibrium, nossa miss\u00e3o e nossos planos futuros.<\/span><\/div><div  class=\"clear swmsc_gap\" style=\"margin:50px 0 0 0;\"><\/div>[\/vc_column][\/vc_row][vc_row][vc_column width=&#8221;1\/4&#8243;]<div  class=\"clear swmsc_gap\" style=\"margin:30px 0 0 0;\"><\/div><div  class=\"swmsc_image_lightbox  image_left\" >\n\n\t\t\t\t\t\t<div class=\"swmsc_image_lightbox_img\"><img decoding=\"async\" alt=\"\" src=\"https:\/\/ecocaminhos.com\/wp-content\/uploads\/2026\/05\/IMG_6236-scaled.jpg\" class=\"\" style=\"border-radius:5px;\" title=\"\"><div class=\"swmsc_img_overlay\" style=\"border-radius:5px;\">\n\t\t\t\t\t\t\t\t\t\t\t\t<a class=\"swmsc_popup_img\" href=\"#\" title=\"\" target=\"_self\" >\n\t\t\t\t\t\t\t\t\t\t\t\t\t<i class=\"fa fa-search\"><\/i>\n\t\t\t\t\t\t\t\t\t\t\t\t<\/a>\n\t\t\t\t\t\t\t\t\t\t\t<\/div><\/div><\/div><div  class=\"clear swmsc_gap\" style=\"margin:10px 0 0 0;\"><\/div><div  class=\"swmsc_image_lightbox  image_left\" >\n\n\t\t\t\t\t\t<div class=\"swmsc_image_lightbox_img\"><img decoding=\"async\" alt=\"\" src=\"https:\/\/ecocaminhos.com\/wp-content\/uploads\/2026\/05\/IMG_6294-scaled.jpg\" class=\"\" style=\"border-radius:5px;\" title=\"\"><div class=\"swmsc_img_overlay\" style=\"border-radius:5px;\">\n\t\t\t\t\t\t\t\t\t\t\t\t<a class=\"swmsc_popup_img\" href=\"#\" title=\"\" target=\"_self\" >\n\t\t\t\t\t\t\t\t\t\t\t\t\t<i class=\"fa fa-search\"><\/i>\n\t\t\t\t\t\t\t\t\t\t\t\t<\/a>\n\t\t\t\t\t\t\t\t\t\t\t<\/div><\/div><\/div><div  class=\"clear swmsc_gap\" style=\"margin:20px 0 0 0;\"><\/div><div  class=\"swmsc_image_lightbox  image_left\" >\n\n\t\t\t\t\t\t<div class=\"swmsc_image_lightbox_img\"><img decoding=\"async\" alt=\"\" src=\"https:\/\/ecocaminhos.com\/wp-content\/uploads\/2026\/05\/IMG_6357-scaled.jpg\" class=\"\" style=\"border-radius:5px;\" title=\"\"><div class=\"swmsc_img_overlay\" style=\"border-radius:5px;\">\n\t\t\t\t\t\t\t\t\t\t\t\t<a class=\"swmsc_popup_img\" href=\"#\" title=\"\" target=\"_self\" >\n\t\t\t\t\t\t\t\t\t\t\t\t\t<i class=\"fa fa-search\"><\/i>\n\t\t\t\t\t\t\t\t\t\t\t\t<\/a>\n\t\t\t\t\t\t\t\t\t\t\t<\/div><\/div><\/div><div  class=\"clear swmsc_gap\" style=\"margin:30px 0 0 0;\"><\/div>[\/vc_column][vc_column width=&#8221;3\/4&#8243;]<div  class=\"swmsc_image_lightbox  image_left  #pod\" >\n\n\t\t\t\t\t\t<div class=\"swmsc_image_lightbox_img\"><img decoding=\"async\" alt=\"\" src=\"https:\/\/ecocaminhos.com\/wp-content\/uploads\/2026\/05\/IMG_6255-scaled.jpg\" class=\"\" style=\"border-radius:5px;\" title=\"\"><div class=\"swmsc_img_overlay\" style=\"border-radius:5px;\">\n\t\t\t\t\t\t\t\t\t\t\t\t<a class=\"swmsc_popup_img\" href=\"#\" title=\"\" target=\"_self\" >\n\t\t\t\t\t\t\t\t\t\t\t\t\t<i class=\"fa fa-search\"><\/i>\n\t\t\t\t\t\t\t\t\t\t\t\t<\/a>\n\t\t\t\t\t\t\t\t\t\t\t<\/div><\/div><\/div><div  class=\"clear swmsc_gap\" style=\"margin:30px 0 0 0;\"><\/div>[\/vc_column][\/vc_row][vc_row][vc_column]<div  class=\"swmsc_custom_dividers swmsc_dividers_line_dot text_align_center\" style=\"margin-top:20px;margin-bottom:20px; clear:both;\"><div class=\"swmsc_dividers_dotline_holder\" style=\"max-width:80px;\">\n\t\t\t\t\t\t\t\t\t<span class=\"swmsc_dividers_dotline_line\" style=\"background-color:#444444;\"><\/span>\n\t\t\t\t\t\t\t\t\t<span class=\"swmsc_dividers_dotline_dot\" style=\"background-color:#444444;\"><\/span>\n\t\t\t\t\t\t\t\t\t<div class=\"clear\"><\/div>\n\t\t\t\t\t\t\t\t<\/div><\/div><div  class=\"clear swmsc_gap\" style=\"margin:50px 0 0 0;\"><\/div><div  class=\"swmsc_text_block\" > \n<h2 style=\"text-align: center;\"><b>M\u00e3os dispostas \u00e0 voluntariar<\/b><\/h2>\n<p><span style=\"font-weight: 400;\">Ajudar ou n\u00e3o ajudar? Esta nunca foi a quest\u00e3o.<\/span><\/p>\n<p><span style=\"font-weight: 400;\">Pela segunda vez na Eco Caminhos, a ONG Grega Wheeling2help trouxe pessoas que estavam animadas para fazer\u00a0 a diferen\u00e7a e participar de projetos mergulhando em permacultura, agrofloresta, bioconstru\u00e7\u00e3o, e muito mais.<\/span><\/p>\n<p><span style=\"font-weight: 400;\">Eles tamb\u00e9m visitaram a escola local Cardinot e conduziram uma a\u00e7\u00e3o social juntamente com volunt\u00e1rios da Eco Caminhos. L\u00e1, estes volunt\u00e1rios ajudaram a reconstruir a cerca ao redor da escola.<\/span><\/p>\n<p><span style=\"font-weight: 400;\">Al\u00e9m disso, eles pintaram um mural do mapa do mundo com as crian\u00e7as, ensinaram palavras em Grego e compartilharam momentos especiais jogando jogos Gregos.<\/span><\/p>\n<p><span style=\"font-weight: 400;\">Diretamente do ber\u00e7o da Filosofia &#8211; Gr\u00e9cia, Chipre, e Creta &#8211; eles vieram para ter outra \u00f3tima experi\u00eancia na nossa fazenda de permacultura, para imers\u00e3o em agrofloresta e bioconstru\u00e7\u00e3o. No final, eles se divertiram muito na nossa fazenda, fizeram amigos, ficaram maravilhados com a natureza e cachoeiras por perto, deixando para tr\u00e1s o efeito inspirador da presen\u00e7a deles, cultura, e generosidade.<\/span><\/div><div  class=\"clear swmsc_gap\" style=\"margin:30px 0 0 0;\"><\/div><div   >\n\t\t\t\t\t\t<div class=\"swmsc_image_gallery swmsc_gal3  \" data-grid=\"masonry\" style=\"margin-right:-20px;\">\n\t\t\t\t\t\t\t\n        \t\t\t\t<div class=\"swmsc_image_gallery_item\">\n        \t\t\t\t\t<div style=\"padding-right:20px; padding-bottom:20px;\">\n\t        \t\t\t\t\t<a href=\"https:\/\/ecocaminhos.com\/wp-content\/uploads\/2026\/05\/IMG_6900-scaled.jpg\" class=\"swmsc_popup_gallery\" style=\"border-radius:5px;\" title=\"IMG\">\n\t\t        \t\t\t\t\t\t<img decoding=\"async\" style=\"border-width:0px;border-color:#e6e6e6; border-radius:5px;\" src=\"https:\/\/ecocaminhos.com\/wp-content\/uploads\/2026\/05\/IMG_6900-scaled.jpg\" alt=\"IMG\" title=\"\">\n\t\t        \t\t\t\t\t\t<span><i class=\"fa fa-search\" style=\"background-color:#f8b54e;color:#ffffff;\"><\/i><\/span>\n\t\t        \t\t\t\t\t<\/a>\n\t        \t\t\t\t\t\n\t        \t\t\t\t<\/div>\n        \t\t\t\t<\/div>\n        \t\t\t\t<div class=\"swmsc_image_gallery_item\">\n        \t\t\t\t\t<div style=\"padding-right:20px; padding-bottom:20px;\">\n\t        \t\t\t\t\t<a href=\"https:\/\/ecocaminhos.com\/wp-content\/uploads\/2026\/05\/IMG_6548-scaled.jpg\" class=\"swmsc_popup_gallery\" style=\"border-radius:5px;\" title=\"IMG\">\n\t\t        \t\t\t\t\t\t<img decoding=\"async\" style=\"border-width:0px;border-color:#e6e6e6; border-radius:5px;\" src=\"https:\/\/ecocaminhos.com\/wp-content\/uploads\/2026\/05\/IMG_6548-scaled.jpg\" alt=\"IMG\" title=\"\">\n\t\t        \t\t\t\t\t\t<span><i class=\"fa fa-search\" style=\"background-color:#f8b54e;color:#ffffff;\"><\/i><\/span>\n\t\t        \t\t\t\t\t<\/a>\n\t        \t\t\t\t\t\n\t        \t\t\t\t<\/div>\n        \t\t\t\t<\/div>\n        \t\t\t\t<div class=\"swmsc_image_gallery_item\">\n        \t\t\t\t\t<div style=\"padding-right:20px; padding-bottom:20px;\">\n\t        \t\t\t\t\t<a href=\"https:\/\/ecocaminhos.com\/wp-content\/uploads\/2026\/05\/foto-mural2.png\" class=\"swmsc_popup_gallery\" style=\"border-radius:5px;\" title=\"foto mural\">\n\t\t        \t\t\t\t\t\t<img decoding=\"async\" style=\"border-width:0px;border-color:#e6e6e6; border-radius:5px;\" src=\"https:\/\/ecocaminhos.com\/wp-content\/uploads\/2026\/05\/foto-mural2.png\" alt=\"foto mural\" title=\"\">\n\t\t        \t\t\t\t\t\t<span><i class=\"fa fa-search\" style=\"background-color:#f8b54e;color:#ffffff;\"><\/i><\/span>\n\t\t        \t\t\t\t\t<\/a>\n\t        \t\t\t\t\t\n\t        \t\t\t\t<\/div>\n        \t\t\t\t<\/div>\n\t\t\t\t\t\t<\/div>\n\t\t\t\t\t<\/div><div  class=\"clear swmsc_gap\" style=\"margin:30px 0 0 0;\"><\/div><div  class=\"swmsc_custom_dividers swmsc_dividers_line_dot text_align_center\" style=\"margin-top:20px;margin-bottom:20px; clear:both;\"><div class=\"swmsc_dividers_dotline_holder\" style=\"max-width:80px;\">\n\t\t\t\t\t\t\t\t\t<span class=\"swmsc_dividers_dotline_line\" style=\"background-color:#444444;\"><\/span>\n\t\t\t\t\t\t\t\t\t<span class=\"swmsc_dividers_dotline_dot\" style=\"background-color:#444444;\"><\/span>\n\t\t\t\t\t\t\t\t\t<div class=\"clear\"><\/div>\n\t\t\t\t\t\t\t\t<\/div><\/div>[\/vc_column][\/vc_row][vc_row][vc_column]<div  class=\"clear swmsc_gap\" style=\"margin:30px 0 0 0;\"><\/div><div  class=\"swmsc_text_block\" > \n<h2 style=\"text-align: center;\"><b>Trilha Cabe\u00e7a do Drag\u00e3o<\/b><\/h2>\n<p><span style=\"font-weight: 400;\">O Parque Estadual dos Tr\u00eas Picos \u00e9 o maior parque estadual do Rio de Janeiro, com cerca de 65 mil hectares, criado para proteger a Mata Atl\u00e2ntica e abrigar as montanhas mais altas da Serra do Mar. Seu pico mais alto ultrapassa os 2.300 metros, sendo uma refer\u00eancia para o montanhismo e o ecoturismo.<\/span><\/p>\n<p><span style=\"font-weight: 400;\">Nossas volunt\u00e1rias Vanessa, Judith e Caterina, junto com nosso guia Dutra, fizeram uma trilha at\u00e9 a Cabe\u00e7a do Drag\u00e3o, no Parque Estadual dos Tr\u00eas Picos, e a experi\u00eancia se transformou em um dia muito divertido em meio \u00e0 natureza! A trilha levou o grupo por caminhos de floresta exuberante, ar puro da montanha e muitas paisagens bonitas ao longo do percurso.<\/span><\/p>\n<p><span style=\"font-weight: 400;\">Havia uma energia muito especial no grupo: muitas risadas, boas conversas e momentos de contempla\u00e7\u00e3o.<\/span><\/p>\n<p><span style=\"font-weight: 400;\">No topo, foram recompensados com uma vista panor\u00e2mica incr\u00edvel das montanhas. Teve lanche, fotos e aquela sensa\u00e7\u00e3o de \u201cconseguimos!\u201d como a cereja do bolo.<\/span><\/div><div  class=\"swmsc_image_lightbox  image_left\" >\n\n\t\t\t\t\t\t<div class=\"swmsc_image_lightbox_img\"><img decoding=\"async\" alt=\"\" src=\"https:\/\/ecocaminhos.com\/wp-content\/uploads\/2026\/05\/foto-mural-3.jpg\" class=\"\" style=\"border-radius:5px;\" title=\"\"><div class=\"swmsc_img_overlay\" style=\"border-radius:5px;\">\n\t\t\t\t\t\t\t\t\t\t\t\t<a class=\"swmsc_popup_img\" href=\"#\" title=\"\" target=\"_self\" >\n\t\t\t\t\t\t\t\t\t\t\t\t\t<i class=\"fa fa-search\"><\/i>\n\t\t\t\t\t\t\t\t\t\t\t\t<\/a>\n\t\t\t\t\t\t\t\t\t\t\t<\/div><\/div><\/div><div  class=\"clear swmsc_gap\" style=\"margin:30px 0 0 0;\"><\/div><div  class=\"swmsc_custom_dividers swmsc_dividers_line_dot text_align_center\" style=\"margin-top:20px;margin-bottom:20px; clear:both;\"><div class=\"swmsc_dividers_dotline_holder\" style=\"max-width:80px;\">\n\t\t\t\t\t\t\t\t\t<span class=\"swmsc_dividers_dotline_line\" style=\"background-color:#444444;\"><\/span>\n\t\t\t\t\t\t\t\t\t<span class=\"swmsc_dividers_dotline_dot\" style=\"background-color:#444444;\"><\/span>\n\t\t\t\t\t\t\t\t\t<div class=\"clear\"><\/div>\n\t\t\t\t\t\t\t\t<\/div><\/div><div  class=\"clear swmsc_gap\" style=\"margin:40px 0 0 0;\"><\/div>[\/vc_column][\/vc_row][vc_row][vc_column width=&#8221;2\/3&#8243;]<div  class=\"clear swmsc_gap\" style=\"margin:30px 0 0 0;\"><\/div><div  class=\"swmsc_text_block\" > \n<h2 style=\"text-align: center;\"><b>Anivers\u00e1rio Cheio de Surpresas da Camila<\/b><\/h2>\n<p><span style=\"font-weight: 400;\">Abril foi o m\u00eas em que celebramos o anivers\u00e1rio da Camila. N\u00e3o houve apenas um delicioso e grande bolo de chocolate e uma comemora\u00e7\u00e3o ao final daquela quinta-feira, mas tamb\u00e9m um passeio pela cidade durante a manh\u00e3 e \u00e0 tarde.<\/span><\/p>\n<p><span style=\"font-weight: 400;\">Noemi, Jack, Ana, Jan, Caterina e Judith tornaram o dia dela ainda mais especial. Eles tomaram um caf\u00e9 com doces, Judith experimentou os \u00f3culos de todo mundo, e Caterina ofereceu uma consultoria de colora\u00e7\u00e3o pessoal para todos.<\/span><\/p>\n<p><span style=\"font-weight: 400;\">Al\u00e9m disso, todos tiveram a oportunidade de participar de um jogo de RPG sobre sustentabilidade durante o evento de criatividade. \u00c0 noite, a celebra\u00e7\u00e3o aconteceu na cozinha da Ecolibrium e, depois, ao redor da fogueira.<\/span><\/p>\n<p><span style=\"font-weight: 400;\">Foi, sem d\u00favida, um anivers\u00e1rio muito feliz!<\/span><\/div>[\/vc_column][vc_column width=&#8221;1\/3&#8243;]<div  class=\"swmsc_image_lightbox  image_left\" >\n\n\t\t\t\t\t\t<div class=\"swmsc_image_lightbox_img\"><img decoding=\"async\" alt=\"\" src=\"https:\/\/ecocaminhos.com\/wp-content\/uploads\/2026\/05\/WhatsApp-Image-2026-05-01-at-08.21.01-e1777645000173.jpeg\" class=\"\" style=\"border-radius:5px;\" title=\"\"><div class=\"swmsc_img_overlay\" style=\"border-radius:5px;\">\n\t\t\t\t\t\t\t\t\t\t\t\t<a class=\"swmsc_popup_img\" href=\"#\" title=\"\" target=\"_self\" >\n\t\t\t\t\t\t\t\t\t\t\t\t\t<i class=\"fa fa-search\"><\/i>\n\t\t\t\t\t\t\t\t\t\t\t\t<\/a>\n\t\t\t\t\t\t\t\t\t\t\t<\/div><\/div><\/div><div  class=\"swmsc_image_lightbox  image_left\" >\n\n\t\t\t\t\t\t<div class=\"swmsc_image_lightbox_img\"><img decoding=\"async\" alt=\"\" src=\"https:\/\/ecocaminhos.com\/wp-content\/uploads\/2026\/05\/WhatsApp-Image-2026-05-01-at-08.22.45.jpeg\" class=\"\" style=\"border-radius:5px;\" title=\"\"><div class=\"swmsc_img_overlay\" style=\"border-radius:5px;\">\n\t\t\t\t\t\t\t\t\t\t\t\t<a class=\"swmsc_popup_img\" href=\"#\" title=\"\" target=\"_self\" >\n\t\t\t\t\t\t\t\t\t\t\t\t\t<i class=\"fa fa-search\"><\/i>\n\t\t\t\t\t\t\t\t\t\t\t\t<\/a>\n\t\t\t\t\t\t\t\t\t\t\t<\/div><\/div><\/div>[\/vc_column][\/vc_row][vc_row][vc_column]<div  class=\"swmsc_image_lightbox  image_left\" >\n\n\t\t\t\t\t\t<div class=\"swmsc_image_lightbox_img\"><img decoding=\"async\" alt=\"\" src=\"https:\/\/ecocaminhos.com\/wp-content\/uploads\/2026\/05\/WhatsApp-Image-2026-05-01-at-08.22.12.jpeg\" class=\"\" style=\"border-radius:5px;\" title=\"\"><div class=\"swmsc_img_overlay\" style=\"border-radius:5px;\">\n\t\t\t\t\t\t\t\t\t\t\t\t<a class=\"swmsc_popup_img\" href=\"#\" title=\"\" target=\"_self\" >\n\t\t\t\t\t\t\t\t\t\t\t\t\t<i class=\"fa fa-search\"><\/i>\n\t\t\t\t\t\t\t\t\t\t\t\t<\/a>\n\t\t\t\t\t\t\t\t\t\t\t<\/div><\/div><\/div><div  class=\"clear swmsc_gap\" style=\"margin:50px 0 0 0;\"><\/div><div  class=\"swmsc_custom_dividers swmsc_dividers_line_dot text_align_center\" style=\"margin-top:20px;margin-bottom:20px; clear:both;\"><div class=\"swmsc_dividers_dotline_holder\" style=\"max-width:80px;\">\n\t\t\t\t\t\t\t\t\t<span class=\"swmsc_dividers_dotline_line\" style=\"background-color:#444444;\"><\/span>\n\t\t\t\t\t\t\t\t\t<span class=\"swmsc_dividers_dotline_dot\" style=\"background-color:#444444;\"><\/span>\n\t\t\t\t\t\t\t\t\t<div class=\"clear\"><\/div>\n\t\t\t\t\t\t\t\t<\/div><\/div><div  class=\"clear swmsc_gap\" style=\"margin:50px 0 0 0;\"><\/div>[\/vc_column][\/vc_row][vc_row][vc_column]<div  class=\"swmsc_text_block\" > \n<h2 style=\"text-align: center;\"><b>Volunt\u00e1rios procurados para agrofloresta, bioconstru\u00e7\u00e3o, e administra\u00e7\u00e3o<\/b><\/h2>\n<p><span style=\"font-weight: 400;\">Atualmente, estamos em busca de volunt\u00e1rios motivados para preencher tr\u00eas diferentes posi\u00e7\u00f5es: agrofloresta, bioconstru\u00e7\u00e3o e administra\u00e7\u00e3o. Cada fun\u00e7\u00e3o contribui diretamente para o dia a dia e o desenvolvimento cont\u00ednuo da nossa Eco fazenda.<\/span><\/p>\n<p><span style=\"font-weight: 400;\">Esta \u00e9 uma oportunidade pr\u00e1tica de aprender fazendo, se conectar com a natureza e participar de projetos reais focados em sustentabilidade, regenera\u00e7\u00e3o e vida em comunidade.<\/span><\/p>\n<p><span style=\"font-weight: 400;\">Se voc\u00ea busca um estilo de vida mais conectado \u00e0 natureza, novas experi\u00eancias, tem interesse em praticar diferentes idiomas em uma comunidade multicultural e deseja contribuir para uma miss\u00e3o regenerativa maior, este pode ser o lugar certo para voc\u00ea.<\/span><\/div><div   >\n\t\t\t\t\t\t<div class=\"swmsc_image_gallery swmsc_gal3  \" data-grid=\"masonry\" style=\"margin-right:-20px;\">\n\t\t\t\t\t\t\t\n        \t\t\t\t<div class=\"swmsc_image_gallery_item\">\n        \t\t\t\t\t<div style=\"padding-right:20px; padding-bottom:20px;\">\n\t        \t\t\t\t\t<a href=\"https:\/\/ecocaminhos.com\/wp-content\/uploads\/2026\/05\/IMG_6718-scaled.jpg\" class=\"swmsc_popup_gallery\" style=\"border-radius:5px;\" title=\"IMG\">\n\t\t        \t\t\t\t\t\t<img decoding=\"async\" style=\"border-width:0px;border-color:#e6e6e6; border-radius:5px;\" src=\"https:\/\/ecocaminhos.com\/wp-content\/uploads\/2026\/05\/IMG_6718-scaled.jpg\" alt=\"IMG\" title=\"\">\n\t\t        \t\t\t\t\t\t<span><i class=\"fa fa-search\" style=\"background-color:#f8b54e;color:#ffffff;\"><\/i><\/span>\n\t\t        \t\t\t\t\t<\/a>\n\t        \t\t\t\t\t\n\t        \t\t\t\t<\/div>\n        \t\t\t\t<\/div>\n        \t\t\t\t<div class=\"swmsc_image_gallery_item\">\n        \t\t\t\t\t<div style=\"padding-right:20px; padding-bottom:20px;\">\n\t        \t\t\t\t\t<a href=\"https:\/\/ecocaminhos.com\/wp-content\/uploads\/2026\/05\/IMG_5715-scaled.jpg\" class=\"swmsc_popup_gallery\" style=\"border-radius:5px;\" title=\"IMG\">\n\t\t        \t\t\t\t\t\t<img decoding=\"async\" style=\"border-width:0px;border-color:#e6e6e6; border-radius:5px;\" src=\"https:\/\/ecocaminhos.com\/wp-content\/uploads\/2026\/05\/IMG_5715-scaled.jpg\" alt=\"IMG\" title=\"\">\n\t\t        \t\t\t\t\t\t<span><i class=\"fa fa-search\" style=\"background-color:#f8b54e;color:#ffffff;\"><\/i><\/span>\n\t\t        \t\t\t\t\t<\/a>\n\t        \t\t\t\t\t\n\t        \t\t\t\t<\/div>\n        \t\t\t\t<\/div>\n        \t\t\t\t<div class=\"swmsc_image_gallery_item\">\n        \t\t\t\t\t<div style=\"padding-right:20px; padding-bottom:20px;\">\n\t        \t\t\t\t\t<a href=\"https:\/\/ecocaminhos.com\/wp-content\/uploads\/2026\/05\/img-camila.jpg\" class=\"swmsc_popup_gallery\" style=\"border-radius:5px;\" title=\"img camila\">\n\t\t        \t\t\t\t\t\t<img decoding=\"async\" style=\"border-width:0px;border-color:#e6e6e6; border-radius:5px;\" src=\"https:\/\/ecocaminhos.com\/wp-content\/uploads\/2026\/05\/img-camila.jpg\" alt=\"img camila\" title=\"\">\n\t\t        \t\t\t\t\t\t<span><i class=\"fa fa-search\" style=\"background-color:#f8b54e;color:#ffffff;\"><\/i><\/span>\n\t\t        \t\t\t\t\t<\/a>\n\t        \t\t\t\t\t\n\t        \t\t\t\t<\/div>\n        \t\t\t\t<\/div>\n\t\t\t\t\t\t<\/div>\n\t\t\t\t\t<\/div><div  class=\"clear swmsc_gap\" style=\"margin:30px 0 0 0;\"><\/div><div  class=\"swmsc_custom_dividers swmsc_dividers_line_dot text_align_center\" style=\"margin-top:20px;margin-bottom:20px; clear:both;\"><div class=\"swmsc_dividers_dotline_holder\" style=\"max-width:80px;\">\n\t\t\t\t\t\t\t\t\t<span class=\"swmsc_dividers_dotline_line\" style=\"background-color:#444444;\"><\/span>\n\t\t\t\t\t\t\t\t\t<span class=\"swmsc_dividers_dotline_dot\" style=\"background-color:#444444;\"><\/span>\n\t\t\t\t\t\t\t\t\t<div class=\"clear\"><\/div>\n\t\t\t\t\t\t\t\t<\/div><\/div>[\/vc_column][\/vc_row][vc_row][vc_column]<div  class=\"swmsc_text_block\" > \n<p style=\"text-align: center;\"><span style=\"font-weight: 400;\">As experi\u00eancias de abril nos deixaram inspirados e profundamente conectados.<\/span><\/p>\n<p style=\"text-align: center;\"><span style=\"font-weight: 400;\">Com a visita de volunt\u00e1rios gregos, momentos alegres com crian\u00e7as locais, trilhas na natureza e muitas viv\u00eancias compartilhadas, foi um m\u00eas de interc\u00e2mbio cultural, comunidade e conex\u00f5es significativas.<\/span><\/p>\n<p style=\"text-align: center;\"><em><b>Texto escrito por Camila.<\/b><\/em><\/p>\n<\/div>[\/vc_column][\/vc_row]\n<\/div>","protected":false},"excerpt":{"rendered":"<p>Abril na Eco Caminhos foi um m\u00eas de encontros transformadores, troca cultural e experi\u00eancias pr\u00e1ticas que conectaram pessoas, natureza e prop\u00f3sito.<br \/>\nDescubra mais!<\/p>\n","protected":false},"author":44,"featured_media":30722,"comment_status":"closed","ping_status":"open","sticky":false,"template":"","format":"standard","meta":{"footnotes":"","_links_to":"","_links_to_target":""},"categories":[1],"tags":[],"class_list":["post-30649","post","type-post","status-publish","format-standard","has-post-thumbnail","hentry","category-uncategorized"],"jetpack_featured_media_url":"https:\/\/ecocaminhos.com\/wp-content\/uploads\/2026\/05\/20260418_110738-scaled.jpg","rttpg_featured_image_url":{"full":["https:\/\/ecocaminhos.com\/wp-content\/uploads\/2026\/05\/20260418_110738-scaled.jpg",2560,1920,false],"landscape":["https:\/\/ecocaminhos.com\/wp-content\/uploads\/2026\/05\/20260418_110738-scaled.jpg",2560,1920,false],"portraits":["https:\/\/ecocaminhos.com\/wp-content\/uploads\/2026\/05\/20260418_110738-scaled.jpg",2560,1920,false],"thumbnail":["https:\/\/ecocaminhos.com\/wp-content\/uploads\/2026\/05\/20260418_110738-150x150.jpg",150,150,true],"medium":["https:\/\/ecocaminhos.com\/wp-content\/uploads\/2026\/05\/20260418_110738-300x225.jpg",300,225,true],"large":["https:\/\/ecocaminhos.com\/wp-content\/uploads\/2026\/05\/20260418_110738-1024x768.jpg",1024,768,true],"1536x1536":["https:\/\/ecocaminhos.com\/wp-content\/uploads\/2026\/05\/20260418_110738-1536x1152.jpg",1536,1152,true],"2048x2048":["https:\/\/ecocaminhos.com\/wp-content\/uploads\/2026\/05\/20260418_110738-2048x1536.jpg",2048,1536,true],"classic-grid-listing":["https:\/\/ecocaminhos.com\/wp-content\/uploads\/2026\/05\/20260418_110738-600x450.jpg",600,450,true],"classic-list-listing":["https:\/\/ecocaminhos.com\/wp-content\/uploads\/2026\/05\/20260418_110738-213x160.jpg",213,160,true],"modern-grid-listing":["https:\/\/ecocaminhos.com\/wp-content\/uploads\/2026\/05\/20260418_110738-600x384.jpg",600,384,true],"product-page-image":["https:\/\/ecocaminhos.com\/wp-content\/uploads\/2026\/05\/20260418_110738-600x450.jpg",600,450,true],"product-category-page-image":["https:\/\/ecocaminhos.com\/wp-content\/uploads\/2026\/05\/20260418_110738-600x450.jpg",600,450,true],"swmsc-related-posts":["https:\/\/ecocaminhos.com\/wp-content\/uploads\/2026\/05\/20260418_110738-500x344.jpg",500,344,true],"swmsc-recent-post-tiny":["https:\/\/ecocaminhos.com\/wp-content\/uploads\/2026\/05\/20260418_110738-90x90.jpg",90,90,true],"swmsc-grid-image":["https:\/\/ecocaminhos.com\/wp-content\/uploads\/2026\/05\/20260418_110738-670x460.jpg",670,460,true],"swmsc-square-image":["https:\/\/ecocaminhos.com\/wp-content\/uploads\/2026\/05\/20260418_110738-670x670.jpg",670,670,true],"swmsc-blog-featured":["https:\/\/ecocaminhos.com\/wp-content\/uploads\/2026\/05\/20260418_110738-850x520.jpg",850,520,true],"woocommerce_thumbnail":["https:\/\/ecocaminhos.com\/wp-content\/uploads\/2026\/05\/20260418_110738-150x150.jpg",150,150,true],"woocommerce_single":["https:\/\/ecocaminhos.com\/wp-content\/uploads\/2026\/05\/20260418_110738-300x225.jpg",300,225,true],"woocommerce_gallery_thumbnail":["https:\/\/ecocaminhos.com\/wp-content\/uploads\/2026\/05\/20260418_110738-100x100.jpg",100,100,true],"ecoworld-blog-featured":["https:\/\/ecocaminhos.com\/wp-content\/uploads\/2026\/05\/20260418_110738-850x520.jpg",850,520,true],"ecoworld-blog-full":["https:\/\/ecocaminhos.com\/wp-content\/uploads\/2026\/05\/20260418_110738-1440x520.jpg",1440,520,true],"ecoworld-related-posts":["https:\/\/ecocaminhos.com\/wp-content\/uploads\/2026\/05\/20260418_110738-500x344.jpg",500,344,true],"ecoworld-recent-post-tiny":["https:\/\/ecocaminhos.com\/wp-content\/uploads\/2026\/05\/20260418_110738-90x90.jpg",90,90,true],"ecoworld-grid-image":["https:\/\/ecocaminhos.com\/wp-content\/uploads\/2026\/05\/20260418_110738-670x460.jpg",670,460,true],"ecoworld-standard":["https:\/\/ecocaminhos.com\/wp-content\/uploads\/2026\/05\/20260418_110738-670x3000.jpg",670,3000,true],"ecoworld-square-image":["https:\/\/ecocaminhos.com\/wp-content\/uploads\/2026\/05\/20260418_110738-670x670.jpg",670,670,true]},"rttpg_author":{"display_name":"Camila Prado","author_link":"https:\/\/ecocaminhos.com\/br\/blog\/author\/camilaprado\/"},"rttpg_comment":0,"rttpg_category":"<a href=\"https:\/\/ecocaminhos.com\/br\/blog\/category\/uncategorized\/\" rel=\"category tag\">Uncategorized<\/a>","rttpg_excerpt":"Abril na Eco Caminhos foi um m\u00eas de encontros transformadores, troca cultural e experi\u00eancias pr\u00e1ticas que conectaram pessoas, natureza e prop\u00f3sito. Descubra mais!","post_mailing_queue_ids":[],"_links":{"self":[{"href":"https:\/\/ecocaminhos.com\/br\/wp-json\/wp\/v2\/posts\/30649","targetHints":{"allow":["GET"]}}],"collection":[{"href":"https:\/\/ecocaminhos.com\/br\/wp-json\/wp\/v2\/posts"}],"about":[{"href":"https:\/\/ecocaminhos.com\/br\/wp-json\/wp\/v2\/types\/post"}],"author":[{"embeddable":true,"href":"https:\/\/ecocaminhos.com\/br\/wp-json\/wp\/v2\/users\/44"}],"replies":[{"embeddable":true,"href":"https:\/\/ecocaminhos.com\/br\/wp-json\/wp\/v2\/comments?post=30649"}],"version-history":[{"count":55,"href":"https:\/\/ecocaminhos.com\/br\/wp-json\/wp\/v2\/posts\/30649\/revisions"}],"predecessor-version":[{"id":30728,"href":"https:\/\/ecocaminhos.com\/br\/wp-json\/wp\/v2\/posts\/30649\/revisions\/30728"}],"wp:featuredmedia":[{"embeddable":true,"href":"https:\/\/ecocaminhos.com\/br\/wp-json\/wp\/v2\/media\/30722"}],"wp:attachment":[{"href":"https:\/\/ecocaminhos.com\/br\/wp-json\/wp\/v2\/media?parent=30649"}],"wp:term":[{"taxonomy":"category","embeddable":true,"href":"https:\/\/ecocaminhos.com\/br\/wp-json\/wp\/v2\/categories?post=30649"},{"taxonomy":"post_tag","embeddable":true,"href":"https:\/\/ecocaminhos.com\/br\/wp-json\/wp\/v2\/tags?post=30649"}],"curies":[{"name":"wp","href":"https:\/\/api.w.org\/{rel}","templated":true}]}}