{"id":5001,"date":"2018-09-06T15:49:17","date_gmt":"2018-09-06T18:49:17","guid":{"rendered":"http:\/\/ecocaminhos.com\/?p=5001"},"modified":"2021-03-11T10:56:58","modified_gmt":"2021-03-11T13:56:58","slug":"interview-maria-found-much-more-than-she-expected-in-her-experience-as-short-term-volunteer-in-brazil","status":"publish","type":"post","link":"https:\/\/ecocaminhos.com\/br\/blog\/entrevista-maria-encontrou-muito-mais-que-esperava-em-sua-experiencia-como-voluntaria\/","title":{"rendered":"Entrevista | Maria encontrou muito mais que esperava em sua experi\u00eancia ao se voluntariar a curto-prazo"},"content":{"rendered":"<h2><span style=\"color: #008000;\">Maria encontrou muito mais que esperava em sua experi\u00eancia como volunt\u00e1ria de curto-prazo<\/span><\/h2>\n<p>Maria decidiu viajar para o Brasil para fugir da sua rotina nos Pa\u00edses Baixos. E escolheu o projeto da <a href=\"https:\/\/ecocaminhos.com\/br\/\"><span style=\"color: #ff6600;\">Eco Caminhos<\/span><\/a> como sua nova experi\u00eancia de vida. Sua ideia ao se <a href=\"https:\/\/ecocaminhos.com\/short-term-volunteering\/\"><span style=\"color: #ff6600;\">voluntariar no programa de curto-prazo<\/span><\/a> era buscar um local silencioso e com paisagens lindas, que fossem totalmente diferente das quais j\u00e1 estava acostumada a ver no seu pa\u00eds. E em entrevista ao nosso site, Maria falou um pouco sobre toda essa experi\u00eancia que lhe surpreendeu.<\/p>\n<p><a class=\"single-popup-image\" href=\"https:\/\/ecocaminhos.com\/wp-content\/uploads\/2018\/09\/Entrevista-Maria-encontr\u00f3-mucho-mas-de-lo-que-esperaba-durante-su-experiencia-como-voluntaria-a-corto-plazo-5.jpg\"><img loading=\"lazy\" decoding=\"async\" class=\"alignleft size-full wp-image-5010\" src=\"https:\/\/ecocaminhos.com\/wp-content\/uploads\/2018\/09\/Entrevista-Maria-encontr\u00f3-mucho-mas-de-lo-que-esperaba-durante-su-experiencia-como-voluntaria-a-corto-plazo-5.jpg\" alt=\"voluntariado, volunt\u00e1rio, curto-prazo, Tr\u00eas Picos, Nova Friburgo, Brasil, \" width=\"1280\" height=\"720\" title=\"\" srcset=\"https:\/\/ecocaminhos.com\/wp-content\/uploads\/2018\/09\/Entrevista-Maria-encontr\u00f3-mucho-mas-de-lo-que-esperaba-durante-su-experiencia-como-voluntaria-a-corto-plazo-5.jpg 1280w, https:\/\/ecocaminhos.com\/wp-content\/uploads\/2018\/09\/Entrevista-Maria-encontr\u00f3-mucho-mas-de-lo-que-esperaba-durante-su-experiencia-como-voluntaria-a-corto-plazo-5-300x169.jpg 300w, https:\/\/ecocaminhos.com\/wp-content\/uploads\/2018\/09\/Entrevista-Maria-encontr\u00f3-mucho-mas-de-lo-que-esperaba-durante-su-experiencia-como-voluntaria-a-corto-plazo-5-768x432.jpg 768w, https:\/\/ecocaminhos.com\/wp-content\/uploads\/2018\/09\/Entrevista-Maria-encontr\u00f3-mucho-mas-de-lo-que-esperaba-durante-su-experiencia-como-voluntaria-a-corto-plazo-5-1024x576.jpg 1024w\" sizes=\"auto, (max-width: 1280px) 100vw, 1280px\" \/><\/a><\/p>\n<h3>O que voc\u00ea esperava encontrar aqui ao se voluntariar na Eco Caminhos antes de chegar?<\/h3>\n<p>Eu realmente n\u00e3o esperava nada, mas eu tinha um desejo. Meu desejo era sair um pouco da minha vida nos Pa\u00edses Baixos. Eu precisava realmente ficar distante e achar sil\u00eancio, natureza e pessoas de mente aberta. \u00c9, eu estava ansiosa por trabalhar neste projeto, mas de uma maneira bem definida envolvendo trabalho f\u00edsico ao inv\u00e9s de mental.<\/p>\n<h3>O que fez com que voc\u00ea escolhesse o projeto da Eco Caminhos<\/h3>\n<p>Eu j\u00e1 conhecia o Bart (fundador e CEO do projeto) nos Pa\u00edses Baixos e eu escutei algumas boas hist\u00f3rias a respeito da Eco Caminhos de outras pessoas que j\u00e1 tinha visitado o projeto.<\/p>\n<h3>Voc\u00ea teve o que esperava nessa nova experi\u00eancia? E o que voc\u00ea vai levar dessa experi\u00eancia para a sua vida?<\/h3>\n<p>Eu tive muito mais que eu esperava. Eu estava mais cansada que eu pensava. Quando eu decidi vir para a Eco Caminhos eu imaginava que poderia trabalhar pesado e pensava: \u201cPor que eles est\u00e3o incluindo dias de folga em minha rotina? Eu quero trabalhar, quero fazer coisas\u201d. Mas eu realmente precisava de um tempo para me desligar. E eu fiquei feliz que aqui eu tive muito espa\u00e7o para mim, me ajudando a encontrar o que eu precisava. Eu fui capaz de me reconectar completamente comigo mesma. E essa reconex\u00e3o eu levarei para a casa.<\/p>\n<h3>O que voc\u00ea mais gostou ao se voluntariar aqui na Eco Caminhos?<\/h3>\n<p>Isso \u00e9 algo dif\u00edcil de falar. Porque voc\u00ea est\u00e1 me perguntando para comparar muitas coisas bonita, criando uma competi\u00e7\u00e3o entre elas. E isso \u00e9 imposs\u00edvel para mim. Tem muitas coisas que eu realmente apreciei aqui. Mas eu sempre estive procurando por mais sil\u00eancio. Isso \u00e9 uma coisa pessoal e que \u00e9 muito dif\u00edcil de achar nos Pa\u00edses Baixos. E conseguir entrar em contato com esse sil\u00eancio, com as montanhas, a natureza &#8211; e essa nova natureza, completamente desconhecida, com p\u00e1ssaros que eu n\u00e3o conhe\u00e7o, plantas e at\u00e9 a luminosidade. Foi uma experi\u00eancia muito boa. Literalmente \u00e9 tudo muito diferente do meu pa\u00eds natal. E eu aproveitei muito e realmente achei tudo que procurava aqui.<\/p>\n<p><a class=\"single-popup-image\" href=\"https:\/\/ecocaminhos.com\/wp-content\/uploads\/2018\/09\/Entrevista-Maria-encontrou-muito-mais-que-esperava-em-sua-experi\u00eancia-como-volunt\u00e1ria-2.jpg\"><img loading=\"lazy\" decoding=\"async\" class=\"alignleft size-full wp-image-5011\" src=\"https:\/\/ecocaminhos.com\/wp-content\/uploads\/2018\/09\/Entrevista-Maria-encontrou-muito-mais-que-esperava-em-sua-experi\u00eancia-como-volunt\u00e1ria-2.jpg\" alt=\"galinheiro, bioconstru\u00e7\u00e3o, pau-\u00e0-pique, voluntariado, volunt\u00e1rio, curto-prazo, \" width=\"1280\" height=\"720\" title=\"\" srcset=\"https:\/\/ecocaminhos.com\/wp-content\/uploads\/2018\/09\/Entrevista-Maria-encontrou-muito-mais-que-esperava-em-sua-experi\u00eancia-como-volunt\u00e1ria-2.jpg 1280w, https:\/\/ecocaminhos.com\/wp-content\/uploads\/2018\/09\/Entrevista-Maria-encontrou-muito-mais-que-esperava-em-sua-experi\u00eancia-como-volunt\u00e1ria-2-300x169.jpg 300w, https:\/\/ecocaminhos.com\/wp-content\/uploads\/2018\/09\/Entrevista-Maria-encontrou-muito-mais-que-esperava-em-sua-experi\u00eancia-como-volunt\u00e1ria-2-768x432.jpg 768w, https:\/\/ecocaminhos.com\/wp-content\/uploads\/2018\/09\/Entrevista-Maria-encontrou-muito-mais-que-esperava-em-sua-experi\u00eancia-como-volunt\u00e1ria-2-1024x576.jpg 1024w\" sizes=\"auto, (max-width: 1280px) 100vw, 1280px\" \/><\/a><\/p>\n<h3>Essa experi\u00eancia lhe ajudou a evoluir como pessoa?<\/h3>\n<p>Com certeza. Depois dessa experi\u00eancia eu acredito que passarei a viver pensando mais em mim que nos outros. Eu vivi uma vida servindo outras pessoas e eu aprendi e aproveitei muito com isso, mas teve um ponto que eu sabia que eu tinha que mudar essa situa\u00e7\u00e3o e para mim a Eco Caminhos foi o local certo para fazer essa virada.<\/p>\n<h3>As vezes \u00e9 um pouco dif\u00edcil de se adaptar a locais diferentes. Qual \u00e9 o conselho que voc\u00ea poderia dar \u00e0s futuras pessoas que querem se voluntariar?<\/h3>\n<p>Para mim foi dif\u00edcil de me adaptar. Especialmente se voc\u00ea vier da Europa, acredito que levar\u00e1 mais tempo para adaptar ao clima e a tudo de novo que se encontra por aqui. Significou tamb\u00e9m um encontro comigo mesma e isso foi muito valioso para mim. Meu conselho seria apenas seguir o fluxo e confiar que tudo ficar\u00e1 bem.<\/p>\n<h3>Sua fam\u00edlia vai chegar na Eco Caminhos em breve. O que voc\u00ea espera e o que voc\u00ea pensa sobre a percep\u00e7\u00e3o da sua fam\u00edlia sobre sua experi\u00eancia aqui?<\/h3>\n<p>Estou ansiosa para compartilhar essa experi\u00eancia com eles. Minha filha, que atualmente est\u00e1 escrevendo sua tese sobre diferentes maneiras de fazer agricultura, est\u00e1 interessada na <a href=\"https:\/\/ecocaminhos.com\/br\/fazenda-de-permacultura-no-brasil\/\"><span style=\"color: #ff6600;\">permacultura<\/span><\/a>, na <a href=\"https:\/\/ecocaminhos.com\/br\/agrofloresta\/\"><span style=\"color: #ff6600;\">agrofloresta<\/span><\/a> e na maneira que esse projeto foi montado. Meu marido \u00e9 um construtor e com certeza vai querer ver os projetos de <a href=\"https:\/\/ecocaminhos.com\/br\/bioconstrucao-construcao-sustentavel-brasil\/\"><span style=\"color: #ff6600;\">bioconstru\u00e7\u00e3o<\/span><\/a>. \u00c9 muito valioso ver esses projetos que est\u00e3o realmente acontecendo e funcionando. Isso nos d\u00e1 esperan\u00e7a e perspectiva sobre uma nova maneira de viver.<\/p>\n<h3>O que voc\u00ea recomenda para os novos volunt\u00e1rios da Eco Caminhos?<\/h3>\n<p>Minha primeira recomenda\u00e7\u00e3o \u00e9: \u201cFa\u00e7a\u201d. E talvez: \u201cFique mais tempo\u201d. Eu estou aqui por seis semanas e agora me sinto muito mais integrada que na primeira semana. \u00c9 uma pena que eu tenha que ir embora quando eu realmente estava integrando e participando do projeto.<\/p>\n<p><a class=\"single-popup-image\" href=\"https:\/\/ecocaminhos.com\/wp-content\/uploads\/2018\/09\/Entrevista-Maria-encontrou-muito-mais-que-esperava-em-sua-experi\u00eancia-como-volunt\u00e1ria-1.jpg\"><img loading=\"lazy\" decoding=\"async\" class=\"alignleft size-full wp-image-5009\" src=\"https:\/\/ecocaminhos.com\/wp-content\/uploads\/2018\/09\/Entrevista-Maria-encontrou-muito-mais-que-esperava-em-sua-experi\u00eancia-como-volunt\u00e1ria-1.jpg\" alt=\"galinheiro, bioconstru\u00e7\u00e3o, permacultura, voluntariado, volunt\u00e1rio, curto-prazo, Eco Caminhos\" width=\"1280\" height=\"720\" title=\"\" srcset=\"https:\/\/ecocaminhos.com\/wp-content\/uploads\/2018\/09\/Entrevista-Maria-encontrou-muito-mais-que-esperava-em-sua-experi\u00eancia-como-volunt\u00e1ria-1.jpg 1280w, https:\/\/ecocaminhos.com\/wp-content\/uploads\/2018\/09\/Entrevista-Maria-encontrou-muito-mais-que-esperava-em-sua-experi\u00eancia-como-volunt\u00e1ria-1-300x169.jpg 300w, https:\/\/ecocaminhos.com\/wp-content\/uploads\/2018\/09\/Entrevista-Maria-encontrou-muito-mais-que-esperava-em-sua-experi\u00eancia-como-volunt\u00e1ria-1-768x432.jpg 768w, https:\/\/ecocaminhos.com\/wp-content\/uploads\/2018\/09\/Entrevista-Maria-encontrou-muito-mais-que-esperava-em-sua-experi\u00eancia-como-volunt\u00e1ria-1-1024x576.jpg 1024w\" sizes=\"auto, (max-width: 1280px) 100vw, 1280px\" \/><\/a><\/p>\n<h3>Quais foram os seus melhores momentos aqui na Eco Caminhos?<\/h3>\n<p>Foram as pessoas que encorpam este projeto. Eu n\u00e3o vim com expectativas, mas claro, eu n\u00e3o esperava essa hospitalidade, interesse e integridade\u2026 Isso foi muito tocante para mim. E ent\u00e3o eu tive momentos muito bons trabalhando na horta e no galinheiro e tamb\u00e9m em meus momentos de quietude interna. Fazendo trabalho simples, mas com profunda aten\u00e7\u00e3o. Eu estava aqui na Eco Caminhos por mim. O trabalho que fiz aqui foi parte de um projeto, mas foi para mim. Esses s\u00e3o definitivamente momentos de ouro.<\/p>\n<p>O dia que fizemos o arco de pedra no galinheiro tamb\u00e9m foi um dos meus melhores momentos aqui. Tivemos muita divers\u00e3o trabalhando juntos e ver ele finalizado no final do dia, sabendo que ficar\u00e1 l\u00e1, imaginei as galinhas passando por ele\u2026 Me fez sentir que deixei, de alguma maneira, a minha marca aqui. E n\u00e3o d\u00e1 para esquecer das comidas. Todos os dias a comida do almo\u00e7o eram boas, quentes e saud\u00e1veis. E a noite dos volunt\u00e1rios era ainda mais impressionante. Absolutamente um dos melhores momentos, com todo mundo fazendo seu melhor para preparar alguma coisa especial para dividir com os outros. E isso, para mim, \u00e9 o que o projeto \u00e9 realmente: fazer algo especial e dividir com outros.<\/p>\n<h3><span style=\"color: #ff6600;\"><a style=\"color: #ff6600;\" href=\"https:\/\/ecocaminhos.com\/br\/voluntariado-de-curto-prazo\/\">Gostou da experi\u00eancia de Maria? Voc\u00ea tamb\u00e9m pode ser um volunt\u00e1rio Eco Caminhos.<\/a><\/span><\/h3>\n<h3><a href=\"https:\/\/ecocaminhos.com\/br\/entrevista-trabalhar-como-voluntario-na-eco-caminhos-foi-a-experiencia-mais-importante-da-vida-de-catalin\/\"><span style=\"color: #ff6600;\">Indeciso se vale a pena? Voc\u00ea tamb\u00e9m pode ler como foi a experi\u00eancia de Catalin.<\/span><\/a><\/h3>\n<h3><a href=\"https:\/\/ecocaminhos.com\/br\/tanja-voluntaria-de-dinamarca-em-brasil\/\"><span style=\"color: #ff6600;\">Tanja foi outra de nossas volunt\u00e1rias que falou conosco sobre sua experi\u00eancia.<\/span><\/a><\/h3>","protected":false},"excerpt":{"rendered":"<p>Maria encontrou muito mais que esperava em sua experi\u00eancia como volunt\u00e1ria de curto-prazo Maria decidiu viajar para o Brasil para fugir da sua rotina nos Pa\u00edses Baixos. E escolheu o [&hellip;]<\/p>\n","protected":false},"author":4,"featured_media":5029,"comment_status":"open","ping_status":"open","sticky":false,"template":"","format":"standard","meta":{"footnotes":"","_links_to":"","_links_to_target":""},"categories":[293,296],"tags":[],"class_list":["post-5001","post","type-post","status-publish","format-standard","has-post-thumbnail","hentry","category-testimonial","category-volunteering"],"jetpack_featured_media_url":"https:\/\/ecocaminhos.com\/wp-content\/uploads\/2018\/09\/Entrevista-Maria-encontr\u00f3-mucho-mas-de-lo-que-esperaba-durante-su-experiencia-como-voluntaria-a-corto-plazo-2.jpg","rttpg_featured_image_url":{"full":["https:\/\/ecocaminhos.com\/wp-content\/uploads\/2018\/09\/Entrevista-Maria-encontr\u00f3-mucho-mas-de-lo-que-esperaba-durante-su-experiencia-como-voluntaria-a-corto-plazo-2.jpg",1280,720,false],"landscape":["https:\/\/ecocaminhos.com\/wp-content\/uploads\/2018\/09\/Entrevista-Maria-encontr\u00f3-mucho-mas-de-lo-que-esperaba-durante-su-experiencia-como-voluntaria-a-corto-plazo-2.jpg",1280,720,false],"portraits":["https:\/\/ecocaminhos.com\/wp-content\/uploads\/2018\/09\/Entrevista-Maria-encontr\u00f3-mucho-mas-de-lo-que-esperaba-durante-su-experiencia-como-voluntaria-a-corto-plazo-2.jpg",1280,720,false],"thumbnail":["https:\/\/ecocaminhos.com\/wp-content\/uploads\/2018\/09\/Entrevista-Maria-encontr\u00f3-mucho-mas-de-lo-que-esperaba-durante-su-experiencia-como-voluntaria-a-corto-plazo-2-150x150.jpg",150,150,true],"medium":["https:\/\/ecocaminhos.com\/wp-content\/uploads\/2018\/09\/Entrevista-Maria-encontr\u00f3-mucho-mas-de-lo-que-esperaba-durante-su-experiencia-como-voluntaria-a-corto-plazo-2-300x169.jpg",300,169,true],"large":["https:\/\/ecocaminhos.com\/wp-content\/uploads\/2018\/09\/Entrevista-Maria-encontr\u00f3-mucho-mas-de-lo-que-esperaba-durante-su-experiencia-como-voluntaria-a-corto-plazo-2-1024x576.jpg",1024,576,true],"1536x1536":["https:\/\/ecocaminhos.com\/wp-content\/uploads\/2018\/09\/Entrevista-Maria-encontr\u00f3-mucho-mas-de-lo-que-esperaba-durante-su-experiencia-como-voluntaria-a-corto-plazo-2.jpg",1280,720,false],"2048x2048":["https:\/\/ecocaminhos.com\/wp-content\/uploads\/2018\/09\/Entrevista-Maria-encontr\u00f3-mucho-mas-de-lo-que-esperaba-durante-su-experiencia-como-voluntaria-a-corto-plazo-2.jpg",1280,720,false],"classic-grid-listing":["https:\/\/ecocaminhos.com\/wp-content\/uploads\/2018\/09\/Entrevista-Maria-encontr\u00f3-mucho-mas-de-lo-que-esperaba-durante-su-experiencia-como-voluntaria-a-corto-plazo-2.jpg",600,338,false],"classic-list-listing":["https:\/\/ecocaminhos.com\/wp-content\/uploads\/2018\/09\/Entrevista-Maria-encontr\u00f3-mucho-mas-de-lo-que-esperaba-durante-su-experiencia-como-voluntaria-a-corto-plazo-2.jpg",280,158,false],"modern-grid-listing":["https:\/\/ecocaminhos.com\/wp-content\/uploads\/2018\/09\/Entrevista-Maria-encontr\u00f3-mucho-mas-de-lo-que-esperaba-durante-su-experiencia-como-voluntaria-a-corto-plazo-2.jpg",600,338,false],"product-page-image":["https:\/\/ecocaminhos.com\/wp-content\/uploads\/2018\/09\/Entrevista-Maria-encontr\u00f3-mucho-mas-de-lo-que-esperaba-durante-su-experiencia-como-voluntaria-a-corto-plazo-2.jpg",600,338,false],"product-category-page-image":["https:\/\/ecocaminhos.com\/wp-content\/uploads\/2018\/09\/Entrevista-Maria-encontr\u00f3-mucho-mas-de-lo-que-esperaba-durante-su-experiencia-como-voluntaria-a-corto-plazo-2.jpg",600,338,false],"swmsc-related-posts":["https:\/\/ecocaminhos.com\/wp-content\/uploads\/2018\/09\/Entrevista-Maria-encontr\u00f3-mucho-mas-de-lo-que-esperaba-durante-su-experiencia-como-voluntaria-a-corto-plazo-2.jpg",500,281,false],"swmsc-recent-post-tiny":["https:\/\/ecocaminhos.com\/wp-content\/uploads\/2018\/09\/Entrevista-Maria-encontr\u00f3-mucho-mas-de-lo-que-esperaba-durante-su-experiencia-como-voluntaria-a-corto-plazo-2.jpg",90,51,false],"swmsc-grid-image":["https:\/\/ecocaminhos.com\/wp-content\/uploads\/2018\/09\/Entrevista-Maria-encontr\u00f3-mucho-mas-de-lo-que-esperaba-durante-su-experiencia-como-voluntaria-a-corto-plazo-2.jpg",670,377,false],"swmsc-square-image":["https:\/\/ecocaminhos.com\/wp-content\/uploads\/2018\/09\/Entrevista-Maria-encontr\u00f3-mucho-mas-de-lo-que-esperaba-durante-su-experiencia-como-voluntaria-a-corto-plazo-2.jpg",670,377,false],"swmsc-blog-featured":["https:\/\/ecocaminhos.com\/wp-content\/uploads\/2018\/09\/Entrevista-Maria-encontr\u00f3-mucho-mas-de-lo-que-esperaba-durante-su-experiencia-como-voluntaria-a-corto-plazo-2.jpg",850,478,false],"woocommerce_thumbnail":["https:\/\/ecocaminhos.com\/wp-content\/uploads\/2018\/09\/Entrevista-Maria-encontr\u00f3-mucho-mas-de-lo-que-esperaba-durante-su-experiencia-como-voluntaria-a-corto-plazo-2-150x150.jpg",150,150,true],"woocommerce_single":["https:\/\/ecocaminhos.com\/wp-content\/uploads\/2018\/09\/Entrevista-Maria-encontr\u00f3-mucho-mas-de-lo-que-esperaba-durante-su-experiencia-como-voluntaria-a-corto-plazo-2-300x169.jpg",300,169,true],"woocommerce_gallery_thumbnail":["https:\/\/ecocaminhos.com\/wp-content\/uploads\/2018\/09\/Entrevista-Maria-encontr\u00f3-mucho-mas-de-lo-que-esperaba-durante-su-experiencia-como-voluntaria-a-corto-plazo-2-100x100.jpg",100,100,true],"ecoworld-blog-featured":["https:\/\/ecocaminhos.com\/wp-content\/uploads\/2018\/09\/Entrevista-Maria-encontr\u00f3-mucho-mas-de-lo-que-esperaba-durante-su-experiencia-como-voluntaria-a-corto-plazo-2.jpg",850,478,false],"ecoworld-blog-full":["https:\/\/ecocaminhos.com\/wp-content\/uploads\/2018\/09\/Entrevista-Maria-encontr\u00f3-mucho-mas-de-lo-que-esperaba-durante-su-experiencia-como-voluntaria-a-corto-plazo-2.jpg",924,520,false],"ecoworld-related-posts":["https:\/\/ecocaminhos.com\/wp-content\/uploads\/2018\/09\/Entrevista-Maria-encontr\u00f3-mucho-mas-de-lo-que-esperaba-durante-su-experiencia-como-voluntaria-a-corto-plazo-2.jpg",500,281,false],"ecoworld-recent-post-tiny":["https:\/\/ecocaminhos.com\/wp-content\/uploads\/2018\/09\/Entrevista-Maria-encontr\u00f3-mucho-mas-de-lo-que-esperaba-durante-su-experiencia-como-voluntaria-a-corto-plazo-2.jpg",90,51,false],"ecoworld-grid-image":["https:\/\/ecocaminhos.com\/wp-content\/uploads\/2018\/09\/Entrevista-Maria-encontr\u00f3-mucho-mas-de-lo-que-esperaba-durante-su-experiencia-como-voluntaria-a-corto-plazo-2.jpg",670,377,false],"ecoworld-standard":["https:\/\/ecocaminhos.com\/wp-content\/uploads\/2018\/09\/Entrevista-Maria-encontr\u00f3-mucho-mas-de-lo-que-esperaba-durante-su-experiencia-como-voluntaria-a-corto-plazo-2.jpg",670,377,false],"ecoworld-square-image":["https:\/\/ecocaminhos.com\/wp-content\/uploads\/2018\/09\/Entrevista-Maria-encontr\u00f3-mucho-mas-de-lo-que-esperaba-durante-su-experiencia-como-voluntaria-a-corto-plazo-2.jpg",670,377,false]},"rttpg_author":{"display_name":"bart bijen","author_link":"https:\/\/ecocaminhos.com\/br\/blog\/author\/bart\/"},"rttpg_comment":79,"rttpg_category":"<a href=\"https:\/\/ecocaminhos.com\/br\/blog\/category\/testimonial\/\" rel=\"category tag\">Depoimento<\/a> <a href=\"https:\/\/ecocaminhos.com\/br\/blog\/category\/volunteering\/\" rel=\"category tag\">Voluntariado<\/a>","rttpg_excerpt":"Maria encontrou muito mais que esperava em sua experi\u00eancia como volunt\u00e1ria de curto-prazo Maria decidiu viajar para o Brasil para fugir da sua rotina nos Pa\u00edses Baixos. E escolheu o [&hellip;]","post_mailing_queue_ids":[],"_links":{"self":[{"href":"https:\/\/ecocaminhos.com\/br\/wp-json\/wp\/v2\/posts\/5001","targetHints":{"allow":["GET"]}}],"collection":[{"href":"https:\/\/ecocaminhos.com\/br\/wp-json\/wp\/v2\/posts"}],"about":[{"href":"https:\/\/ecocaminhos.com\/br\/wp-json\/wp\/v2\/types\/post"}],"author":[{"embeddable":true,"href":"https:\/\/ecocaminhos.com\/br\/wp-json\/wp\/v2\/users\/4"}],"replies":[{"embeddable":true,"href":"https:\/\/ecocaminhos.com\/br\/wp-json\/wp\/v2\/comments?post=5001"}],"version-history":[{"count":29,"href":"https:\/\/ecocaminhos.com\/br\/wp-json\/wp\/v2\/posts\/5001\/revisions"}],"predecessor-version":[{"id":19368,"href":"https:\/\/ecocaminhos.com\/br\/wp-json\/wp\/v2\/posts\/5001\/revisions\/19368"}],"wp:featuredmedia":[{"embeddable":true,"href":"https:\/\/ecocaminhos.com\/br\/wp-json\/wp\/v2\/media\/5029"}],"wp:attachment":[{"href":"https:\/\/ecocaminhos.com\/br\/wp-json\/wp\/v2\/media?parent=5001"}],"wp:term":[{"taxonomy":"category","embeddable":true,"href":"https:\/\/ecocaminhos.com\/br\/wp-json\/wp\/v2\/categories?post=5001"},{"taxonomy":"post_tag","embeddable":true,"href":"https:\/\/ecocaminhos.com\/br\/wp-json\/wp\/v2\/tags?post=5001"}],"curies":[{"name":"wp","href":"https:\/\/api.w.org\/{rel}","templated":true}]}}