{"id":7394,"date":"2020-05-04T23:33:46","date_gmt":"2020-05-05T02:33:46","guid":{"rendered":"http:\/\/ecocaminhos.com\/?p=7394"},"modified":"2021-03-11T15:29:04","modified_gmt":"2021-03-11T18:29:04","slug":"alternative-ecovillage","status":"publish","type":"post","link":"https:\/\/ecocaminhos.com\/br\/blog\/ecovila-alternativa-2\/","title":{"rendered":"Forma alternativa de montar a sua ecovila \u2013 Ideias p\u00f3s-corona"},"content":{"rendered":"Eco Caminhos \u00e9 uma <a href=\"https:\/\/ecocaminhos.com\/about-us\/\">comunidade intencional no Brasil<\/a> com o objetivo de tornar-se mais socialmente, culturalmente, economicamente e\/ou ecologicamente sustent\u00e1vel. Com o mundo em crise, n\u00f3s decidimos encontrar uma abordagem diferente para a vida. N\u00f3s, a Fam\u00edlia Bijen (Hilaine, Bart e nossos filhos Nico e Lucas), compramos uma propriedade perto de Nova Fribrugo no Estado do Rio de Janeiro, Brasil, h\u00e1 cerca de 6 anos. Eu gostaria de compartilhar uma configura\u00e7\u00e3o alternativa para comunidades e explicar as minhas raz\u00f5es para fazer essa abordagem.<\/p>\n<p><a class=\"single-popup-image\" href=\"https:\/\/ecocaminhos.com\/wp-content\/uploads\/2020\/05\/IMG-20190320-WA0000.jpg\"><img loading=\"lazy\" decoding=\"async\" class=\"alignnone size-full wp-image-7407\" src=\"https:\/\/ecocaminhos.com\/wp-content\/uploads\/2020\/05\/IMG-20190320-WA0000.jpg\" alt=\"\" width=\"476\" height=\"300\" title=\"\" srcset=\"https:\/\/ecocaminhos.com\/wp-content\/uploads\/2020\/05\/IMG-20190320-WA0000.jpg 476w, https:\/\/ecocaminhos.com\/wp-content\/uploads\/2020\/05\/IMG-20190320-WA0000-300x189.jpg 300w, https:\/\/ecocaminhos.com\/wp-content\/uploads\/2020\/05\/IMG-20190320-WA0000-420x265.jpg 420w\" sizes=\"auto, (max-width: 476px) 100vw, 476px\" \/><\/a><\/p>\n<p>&nbsp;<\/p>\n<p><strong>Nossa experi\u00eancia vivendo em uma comunidade antes da Eco Caminhos<\/strong><\/p>\n<p>Minha esposa e eu vivemos em uma comunidade rural em um projeto de orfanato por 6 anos no Brasil. O orfanato era uma associa\u00e7\u00e3o sem fins lucrativos com uma diretoria. Eu era parte da diretoria. Algumas fam\u00edlias habitavam na propriedade rural em que receb\u00edamos as crian\u00e7as. N\u00f3s compartilh\u00e1vamos uma cozinha, uma horta org\u00e2nica e tom\u00e1vamos conta de 20 crian\u00e7as. Grandes decis\u00f5es eram tomadas democraticamente, mas n\u00f3s ainda depend\u00edamos de doa\u00e7\u00f5es. Ent\u00e3o eu decidi come\u00e7ar uma <a href=\"https:\/\/caminhoslanguages.com\/br\/\" target=\"_blank\" rel=\"noopener\">escola de L\u00edngua Portuguesa no Rio de Janeiro<\/a> para gerar receita. Recentemente, a escola tornou-se a <a href=\"https:\/\/caminhoslanguages.com\/br\/\" target=\"_blank\" rel=\"noopener\">maior escola de Portugu\u00eas para estrangeiros no Brasil<\/a>.<\/p>\n<p><strong>As coisas boas\/\u00f3timas que vivenciamos na comunidade<\/strong><\/p>\n<ul>\n<li>Viver simples e longe do consumo nos deixa mais felizes;<\/li>\n<li>Ajudar pessoas necessitadas \u00e9 incrivelmente recompensador;<\/li>\n<li>Crescimento pessoal pela exposi\u00e7\u00e3o na comunidade;<\/li>\n<li>Percebendo que a agricultura org\u00e2nica \u00e9 terap\u00eautica e meditativa para qualquer ser humano;<\/li>\n<li>Quando nos conectamos, n\u00f3s alcan\u00e7amos coisas incr\u00edveis que seria imposs\u00edvel de alcan\u00e7ar individualmente;<\/li>\n<li>Idade n\u00e3o \u00e9 importante. O que importa \u00e9 que voc\u00ea se entregue \u00e0 comunidade.<\/li>\n<\/ul>\n<p><strong>Desafios que vivenciamos na comunidade<\/strong><\/p>\n<ul>\n<li>\u00c9 realmente dif\u00edcil conviver com muitas pessoas com diferentes ideias e passados;<\/li>\n<li>H\u00e1 pessoas que fazem muito e outras que fazem pouco ou nada e, ainda assim, a tomada de decis\u00f5es \u00e9 democr\u00e1tica. Isso pode ser injusto e pode causar tens\u00f5es;<\/li>\n<li>Tomar decis\u00f5es democraticamente \u00e9 muito devagar;<\/li>\n<li>Depender de doa\u00e7\u00f5es \u00e9 imposs\u00edvel em pa\u00edses como o Brasil;<\/li>\n<li>Eu senti que a nossa ecovila era separada da comunidade local;<\/li>\n<li>N\u00f3s depend\u00edamos totalmente de doa\u00e7\u00f5es;<\/li>\n<li>Todos queriam decidir onde investir e como gastar o dinheiro, mas poucos estavam preparados a arrecadar fundos.<\/li>\n<\/ul>\n<p>Depois de 6 anos incr\u00edveis, n\u00f3s decidimos sair, pois n\u00e3o fomos capazes de superar a maioria dos desafios. Se voc\u00ea percebesse como \u00e9 desafiador manter o seu casamento unido e forte, s\u00f3 imagine como fazer isso enquanto vive com v\u00e1rias fam\u00edlias e seus filhos, cachorros e gatos. Eu percebi que n\u00f3s simplesmente n\u00e3o est\u00e1vamos evolu\u00eddos o suficiente para lidar com esses desafios. Voltamos para a Holanda para passar o tempo com a minha fam\u00edlia e repensar o nosso futuro. Nesse meio tempo, nossos 2 filhos nasceram.<\/p>\n<p>Dois anos depois, n\u00f3s chegamos \u00e0 conclus\u00e3o de que o mundo capitalista n\u00e3o era para n\u00f3s e decidimos desenvolver uma abordagem diferente para a constru\u00e7\u00e3o da ecovila \u2013 uma que usa o melhor dos dois mundos.<\/p>\n<p><strong>Ent\u00e3o, como funciona essa configura\u00e7\u00e3o alternativa de ecovila?<\/strong><\/p>\n<p>Na verdade, n\u00e3o \u00e9 t\u00e3o complexo. Pegue uma vila rural comum como exemplo. Todos possuem a sua propriedade e casa com as suas regras e pol\u00edticas. No nosso plano, a grande diferen\u00e7a \u00e9 que tentamos colaborar mais, compartilhar da <a href=\"https:\/\/ecocaminhos.com\/br\/permaculture-farm-in-brazil\/\">filosofia da permacultura<\/a>, trocar conhecimento e recursos, crescer e aprender juntos. Estimulamos pessoas com essa vis\u00e3o para entrar na vizinhan\u00e7a. Haver\u00e1 vizinhos da comunidade local que n\u00e3o v\u00e3o querer se envolver de forma alguma, enquanto haver\u00e1 outros que querem estar um pouco envolvidos e ainda alguns que realmente querem participar. E est\u00e1 tudo bem.<\/p>\n<p><a class=\"single-popup-image\" href=\"https:\/\/ecocaminhos.com\/wp-content\/uploads\/2020\/05\/cardinot-community-brazil-ecovillage.jpg\"><img loading=\"lazy\" decoding=\"async\" class=\"alignnone size-full wp-image-7410\" src=\"https:\/\/ecocaminhos.com\/wp-content\/uploads\/2020\/05\/cardinot-community-brazil-ecovillage.jpg\" alt=\"\" width=\"1280\" height=\"960\" title=\"\" srcset=\"https:\/\/ecocaminhos.com\/wp-content\/uploads\/2020\/05\/cardinot-community-brazil-ecovillage.jpg 1280w, https:\/\/ecocaminhos.com\/wp-content\/uploads\/2020\/05\/cardinot-community-brazil-ecovillage-300x225.jpg 300w, https:\/\/ecocaminhos.com\/wp-content\/uploads\/2020\/05\/cardinot-community-brazil-ecovillage-1024x768.jpg 1024w, https:\/\/ecocaminhos.com\/wp-content\/uploads\/2020\/05\/cardinot-community-brazil-ecovillage-768x576.jpg 768w, https:\/\/ecocaminhos.com\/wp-content\/uploads\/2020\/05\/cardinot-community-brazil-ecovillage-420x315.jpg 420w\" sizes=\"auto, (max-width: 1280px) 100vw, 1280px\" \/><\/a><\/p>\n<p>&nbsp;<\/p>\n<p>Atualmente, n\u00f3s temos 3 fam\u00edlias estabelecidas que vieram morar na vizinhan\u00e7a para participar da nossa organiza\u00e7\u00e3o. N\u00f3s trabalhamos juntos em troca de conhecimento em <a href=\"https:\/\/ecocaminhos.com\/br\/permaculture-farm-in-brazil\/\">permacultura<\/a>, <a href=\"https:\/\/ecocaminhos.com\/br\/agrofloresta\/\">agrofloresta<\/a> e <a href=\"https:\/\/ecocaminhos.com\/br\/bioconstrucao-construcao-sustentavel-brasil\/\">bioconstru\u00e7\u00e3o<\/a>. N\u00f3s ajudamos uns aos outros, fazemos eventos, passeio a cavalo juntos e at\u00e9 compartilhamos simples piqueniques. Todos podem beneficiar-se do <a href=\"https:\/\/ecocaminhos.com\/br\/eco-turismo-no-brasil-ferias-em-familia\/\">programa de turismo<\/a>, no qual oferece uma ampla variedade de op\u00e7\u00f5es de acomoda\u00e7\u00e3o, conhecimento e de atividades. O sucesso dessa ecovila vai depender do n\u00edvel de envolvimento da comunidade \u2013 afastando da \u201csociedade competitiva\u201d para uma \u201csociedade colaborativa\u201d. N\u00f3s temos um bom relacionamento com a comunidade local, pois contratamos pessoas para trabalhar na nossa propriedade, preservamos a natureza, alugamos suas casas e acomodamos turistas em suas casas.<\/p>\n<p><strong>Gera\u00e7\u00e3o de renda \u201cum t\u00f3pico sens\u00edvel mas necess\u00e1rio\u201d<\/strong><\/p>\n<p>Esse \u00e9 um t\u00f3pico sens\u00edvel se voc\u00ea segue grupos de permacultura e ecovila nas redes sociais. L\u00e1 existe esse sentimento de que ecovilas s\u00e3o somente para elites. De algumas formas, essas cr\u00edticas est\u00e3o certas. Como um estrangeiro no Brasil, eu sou considerado elite. Ainda assim, as pessoas tendem a esquecer como trabalhamos pesado para chegar aonde estamos hoje na Eco Caminhos. Alguns sugerem que ecovilas deveriam aceitar todos sem nenhum crit\u00e9rio. Na minha vis\u00e3o, isso simplesmente n\u00e3o funciona. O mesmo vai para pessoas que dizem que querem viver fora da rede e n\u00e3o querem uma vis\u00e3o capitalista. Voc\u00ea n\u00e3o pode evitar o fato de que temos necessidades b\u00e1sicas e que n\u00e3o somos capazes de voltar a viver na floresta sem nenhum conforto b\u00e1sico e recursos.<\/p>\n<p>Aqui na Eco Caminhos, n\u00f3s acreditamos que devemos usar o sistema capitalista existente de uma forma mais consciente. N\u00f3s geramos receita, mas reinvestimos socialmente, ecologicamente e culturalmente. Para atingir isso, deve haver uma balan\u00e7a entre pessoas que possuem capacidade de gerar renda para a ecovila e pessoas que podem contribuir de forma t\u00e9cnica (permacultura, agrofloresta, bioconstru\u00e7\u00e3o), socialmente e culturalmente.<\/p>\n<p>At\u00e9 ent\u00e3o, 30% da nossa receita \u00e9 gerada pelo ecoturismo, 60% pelos <a href=\"https:\/\/ecocaminhos.com\/short-term-volunteering\/\">programas de voluntariado pagos<\/a> e 10% pelos <a href=\"https:\/\/ecocaminhos.com\/br\/reabilitacao-volte-a-uma-vida-simples\/\">programas de reabilita\u00e7\u00e3o<\/a>. No entanto, esse ano, 30% ser\u00e1 gerado por um contrato de projeto de bioconstru\u00e7\u00e3o que vamos fazer na regi\u00e3o. Nossa renda \u00e9 reinvestida no melhoramento da infraestrutura, comprando ferramentas, sementes, mudas, energia, comida etc.<\/p>\n<p><strong>Responsabilidade Social<\/strong><\/p>\n<p>O objetivo principal da Eco Caminhos \u00e9 oferecer oportunidades de aprendizado para aqueles que precisam e est\u00e3o motivados a aprender. A Eco Caminhos atualmente investe parte da sua receita e tempo em um programa social para aprendizes (atualmente temos 3). N\u00f3s tamb\u00e9m recebemos um casal de refugiados da Venezuela. N\u00f3s oferecemos acomoda\u00e7\u00e3o, comida, treinamento em agroflorestal e bioconstru\u00e7\u00e3o, aulas de ingl\u00eas, suporte escolar e uma bolsa aux\u00edlio.<\/p>\n<p>A equipe que contratamos s\u00e3o pagos acima da m\u00e9dia, recebem 8 semanas de f\u00e9rias por ano, comida no trabalho e alguns ainda possuem acomoda\u00e7\u00e3o. N\u00f3s desejamos melhorar essas condi\u00e7\u00f5es com o tempo.<\/p>\n<p>Claro que n\u00e3o podemos satisfazer todos. Programas volunt\u00e1rios s\u00e3o, especialmente, desafiadores, devido a alta taxa de rotatividade. Esse constante vai e vem de pessoas dificulta para estabelecer uma cultura. No entanto, com a equipe contratada recentemente, nossos programas est\u00e3o se tornando cada vez mais est\u00e1veis.<\/p>\n<p>N\u00f3s permitimos que pessoas fa\u00e7am parte da comunidade e da fazenda. As pessoas ficam felizes em ver o seu dinheiro bem investido ecologicamente e socialmente. Isso resulta em turistas satisfeitos, que nos recomendar\u00e3o para os seus familiares e amigos e ainda dar\u00e3o boas avalia\u00e7\u00f5es no <a href=\"https:\/\/www.google.com\/search?q=eco+caminhos+review+google&amp;oq=eco+caminhos+review+google&amp;aqs=chrome..69i57j0l4j69i60l3.6352j0j7&amp;sourceid=chrome&amp;ie=UTF-8#lrd=0x98272bbcf6e477:0x702a83bb05f103d9,1,,,\" target=\"_blank\" rel=\"noopener\">Google<\/a> e <a href=\"https:\/\/www.tripadvisor.nl\/Hotel_Review-g303501-d12674427-Reviews-Eco_Caminhos-Nova_Friburgo_State_of_Rio_de_Janeiro.html\" target=\"_blank\" rel=\"noopener\">TripAdvisor<\/a>. \u00a0Isso resulta no aumento de interesse nos nossos programas. Ainda n\u00e3o somos rent\u00e1veis. Somente ano passado conseguimos cobrir todos os nossos custos operacionais. Esse ano estava parecendo ser ainda melhor, at\u00e9 o corona v\u00edrus aparecer.<\/p>\n<p><strong>As coisas boas \/ \u00f3timas que vivenciamos na nossa ecovila intencional<\/strong><\/p>\n<ul>\n<li>H\u00e1 zero press\u00e3o; a colabora\u00e7\u00e3o acontece naturalmente;<\/li>\n<li>H\u00e1 um sentimento de independ\u00eancia e zero conflitos nos assuntos dom\u00e9sticos;<\/li>\n<li>A tomada de decis\u00e3o \u00e9 r\u00e1pida, pois cada fam\u00edlia possui autonomia na sua propriedade;<\/li>\n<li>Mais fam\u00edlia est\u00e3o juntando-se a n\u00f3s, o que traz um sentimento de confirma\u00e7\u00e3o da nossa estrat\u00e9gia comunit\u00e1ria;<\/li>\n<li>H\u00e1 mais possibilidades de gera\u00e7\u00e3o de renda, permitindo que mais membros da comunidade se beneficiem e garantam as suas rendas;<\/li>\n<li>A comunidade local est\u00e1 se beneficiando da nossa presen\u00e7a. Al\u00e9m de preservar o meio ambiente, n\u00f3s contratamos trabalhadores locais, atra\u00edmos ecoturistas, alugamos cavalos e treinamos os jovens;<\/li>\n<li>O melhor cen\u00e1rio \u00e9 uma comunidade ecol\u00f3gica pr\u00f3spera. O pior dos casos \u00e9 que cada um possui a sua propriedade para viver ou vender;<\/li>\n<li>Pessoas que querem participar, podem come\u00e7ar como volunt\u00e1rios (programa pago ou n\u00e3o) e vivenciar antes de investir;<\/li>\n<\/ul>\n<p><strong>Os desafios<\/strong><\/p>\n<ul>\n<li>Montar uma ecovila \u00e9 um incr\u00edvel desafio, no qual exige determina\u00e7\u00e3o e persist\u00eancia.<\/li>\n<li>A independ\u00eancia exige que as pessoas gerem a sua pr\u00f3pria renda. Para pessoas que possuem poucos recursos ou habilidades empreendedoras, pode ser dif\u00edcil;<\/li>\n<li>Ainda n\u00e3o alcan\u00e7amos um status de ecovila madura. Todas as fam\u00edlias est\u00e3o estruturando as suas propriedades. Os verdadeiros desafios para o desenvolvimento da nossa ecovila ainda est\u00e3o por vir.<\/li>\n<\/ul>\n<p><a class=\"single-popup-image\" href=\"https:\/\/ecocaminhos.com\/wp-content\/uploads\/2020\/06\/horseback-riding-ecovillage-brazil-banner.jpg\"><img loading=\"lazy\" decoding=\"async\" class=\"alignnone wp-image-7441\" src=\"https:\/\/ecocaminhos.com\/wp-content\/uploads\/2020\/06\/horseback-riding-ecovillage-brazil-banner.jpg\" alt=\"\" width=\"800\" height=\"400\" title=\"\"><\/a><\/p>\n<p>&nbsp;<\/p>\n<p><strong>Quer entrar na nossa ecovila intencional?<\/strong><\/p>\n<p>Sim, h\u00e1 propriedades \u00e0 venda ou para alugar na vizinhan\u00e7a. No entanto, recomendamos que comece por um de nossos programas de <a href=\"https:\/\/ecocaminhos.com\/br\/eco-turismo-no-brasil-ferias-em-familia\/\">turismo<\/a> ou <a href=\"https:\/\/ecocaminhos.com\/br\/oportunidades-de-voluntariado\/\">voluntariado<\/a> para permitir que voc\u00ea nos conhe\u00e7a e vice-versa. Dace, Robert, Leo e Nora vieram como turistas em 2019 por 4 dias na Eco Caminhos. Eles ficaram interessados em participar da nossa comunidade e voltaram para mais 2 semanas de experi\u00eancia. Recentemente eles compraram uma propriedade ao lado e est\u00e3o atualmente estruturando a sua propriedade. A fam\u00edlia tamb\u00e9m quer aplicar agrofloresta e bioconstru\u00e7\u00e3o e colaborar no ecoturismo para gerar renda.<\/p>\n<p>Se voc\u00ea deseja vivenciar a nossa ecovila intencional, nos visite! Voc\u00ea pode participar de um de <a href=\"https:\/\/ecocaminhos.com\/br\/eco-turismo-no-brasil-ferias-em-familia\/\">nossos programas tur\u00edsticos customizados<\/a>, que podem ser de at\u00e9 2 semanas. Por um per\u00edodo maior, n\u00f3s sugerimos os nossos <a href=\"https:\/\/ecocaminhos.com\/br\/oportunidades-de-voluntariado\/\">programas de voluntariado<\/a> que podem ser de 2 semanas at\u00e9 1 ano. H\u00e1 programas pagos e gratuitos, depende do tempo que voc\u00ea quer se envolver, suas habilidades e suas necessidades. Uma vez que voc\u00ea sente que deseja entrar, n\u00f3s adorar\u00edamos ajudar a encontrar um lugar para voc\u00ea comprar ou alugar. Voc\u00ea tamb\u00e9m pode conhecer a regi\u00e3o com todos os pr\u00f3s e contras. Quando voc\u00ea escolher um programa, voc\u00ea pode nos enviar um <a href=\"https:\/\/ecocaminhos.com\/br\/application-form\/\">formul\u00e1rio online<\/a>. N\u00f3s geralmente respondemos em at\u00e9 3 dias \u00fateis. Se voc\u00ea fizer uma boa proposta, n\u00f3s agendamos uma entrevista para nos conhecermos melhor e esclarecer algumas expectativas.<\/p>\n<p>Quem sabe&#8230; Talvez a gente se conhe\u00e7a em breve!","protected":false},"excerpt":{"rendered":"<p>Eco Caminhos \u00e9 uma comunidade intencional no Brasil com o objetivo de tornar-se mais socialmente, culturalmente, economicamente e\/ou ecologicamente sustent\u00e1vel. Com o mundo em crise, n\u00f3s decidimos encontrar uma abordagem [&hellip;]<\/p>\n","protected":false},"author":4,"featured_media":7517,"comment_status":"open","ping_status":"open","sticky":false,"template":"","format":"standard","meta":{"footnotes":"","_links_to":"","_links_to_target":""},"categories":[1],"tags":[],"class_list":["post-7394","post","type-post","status-publish","format-standard","has-post-thumbnail","hentry","category-uncategorized"],"jetpack_featured_media_url":"https:\/\/ecocaminhos.com\/wp-content\/uploads\/2020\/05\/Agroforestry-eco-farm-brazil-teenagers-apprenticeship.jpg","rttpg_featured_image_url":{"full":["https:\/\/ecocaminhos.com\/wp-content\/uploads\/2020\/05\/Agroforestry-eco-farm-brazil-teenagers-apprenticeship.jpg",1280,720,false],"landscape":["https:\/\/ecocaminhos.com\/wp-content\/uploads\/2020\/05\/Agroforestry-eco-farm-brazil-teenagers-apprenticeship.jpg",1280,720,false],"portraits":["https:\/\/ecocaminhos.com\/wp-content\/uploads\/2020\/05\/Agroforestry-eco-farm-brazil-teenagers-apprenticeship.jpg",1280,720,false],"thumbnail":["https:\/\/ecocaminhos.com\/wp-content\/uploads\/2020\/05\/Agroforestry-eco-farm-brazil-teenagers-apprenticeship-150x150.jpg",150,150,true],"medium":["https:\/\/ecocaminhos.com\/wp-content\/uploads\/2020\/05\/Agroforestry-eco-farm-brazil-teenagers-apprenticeship-300x169.jpg",300,169,true],"large":["https:\/\/ecocaminhos.com\/wp-content\/uploads\/2020\/05\/Agroforestry-eco-farm-brazil-teenagers-apprenticeship-1024x576.jpg",1024,576,true],"1536x1536":["https:\/\/ecocaminhos.com\/wp-content\/uploads\/2020\/05\/Agroforestry-eco-farm-brazil-teenagers-apprenticeship.jpg",1280,720,false],"2048x2048":["https:\/\/ecocaminhos.com\/wp-content\/uploads\/2020\/05\/Agroforestry-eco-farm-brazil-teenagers-apprenticeship.jpg",1280,720,false],"classic-grid-listing":["https:\/\/ecocaminhos.com\/wp-content\/uploads\/2020\/05\/Agroforestry-eco-farm-brazil-teenagers-apprenticeship.jpg",600,338,false],"classic-list-listing":["https:\/\/ecocaminhos.com\/wp-content\/uploads\/2020\/05\/Agroforestry-eco-farm-brazil-teenagers-apprenticeship.jpg",280,158,false],"modern-grid-listing":["https:\/\/ecocaminhos.com\/wp-content\/uploads\/2020\/05\/Agroforestry-eco-farm-brazil-teenagers-apprenticeship.jpg",600,338,false],"product-page-image":["https:\/\/ecocaminhos.com\/wp-content\/uploads\/2020\/05\/Agroforestry-eco-farm-brazil-teenagers-apprenticeship.jpg",600,338,false],"product-category-page-image":["https:\/\/ecocaminhos.com\/wp-content\/uploads\/2020\/05\/Agroforestry-eco-farm-brazil-teenagers-apprenticeship.jpg",600,338,false],"swmsc-related-posts":["https:\/\/ecocaminhos.com\/wp-content\/uploads\/2020\/05\/Agroforestry-eco-farm-brazil-teenagers-apprenticeship.jpg",500,281,false],"swmsc-recent-post-tiny":["https:\/\/ecocaminhos.com\/wp-content\/uploads\/2020\/05\/Agroforestry-eco-farm-brazil-teenagers-apprenticeship.jpg",90,51,false],"swmsc-grid-image":["https:\/\/ecocaminhos.com\/wp-content\/uploads\/2020\/05\/Agroforestry-eco-farm-brazil-teenagers-apprenticeship.jpg",670,377,false],"swmsc-square-image":["https:\/\/ecocaminhos.com\/wp-content\/uploads\/2020\/05\/Agroforestry-eco-farm-brazil-teenagers-apprenticeship.jpg",670,377,false],"swmsc-blog-featured":["https:\/\/ecocaminhos.com\/wp-content\/uploads\/2020\/05\/Agroforestry-eco-farm-brazil-teenagers-apprenticeship.jpg",850,478,false],"woocommerce_thumbnail":["https:\/\/ecocaminhos.com\/wp-content\/uploads\/2020\/05\/Agroforestry-eco-farm-brazil-teenagers-apprenticeship-150x150.jpg",150,150,true],"woocommerce_single":["https:\/\/ecocaminhos.com\/wp-content\/uploads\/2020\/05\/Agroforestry-eco-farm-brazil-teenagers-apprenticeship-300x169.jpg",300,169,true],"woocommerce_gallery_thumbnail":["https:\/\/ecocaminhos.com\/wp-content\/uploads\/2020\/05\/Agroforestry-eco-farm-brazil-teenagers-apprenticeship-100x100.jpg",100,100,true],"ecoworld-blog-featured":["https:\/\/ecocaminhos.com\/wp-content\/uploads\/2020\/05\/Agroforestry-eco-farm-brazil-teenagers-apprenticeship.jpg",850,478,false],"ecoworld-blog-full":["https:\/\/ecocaminhos.com\/wp-content\/uploads\/2020\/05\/Agroforestry-eco-farm-brazil-teenagers-apprenticeship.jpg",924,520,false],"ecoworld-related-posts":["https:\/\/ecocaminhos.com\/wp-content\/uploads\/2020\/05\/Agroforestry-eco-farm-brazil-teenagers-apprenticeship.jpg",500,281,false],"ecoworld-recent-post-tiny":["https:\/\/ecocaminhos.com\/wp-content\/uploads\/2020\/05\/Agroforestry-eco-farm-brazil-teenagers-apprenticeship.jpg",90,51,false],"ecoworld-grid-image":["https:\/\/ecocaminhos.com\/wp-content\/uploads\/2020\/05\/Agroforestry-eco-farm-brazil-teenagers-apprenticeship.jpg",670,377,false],"ecoworld-standard":["https:\/\/ecocaminhos.com\/wp-content\/uploads\/2020\/05\/Agroforestry-eco-farm-brazil-teenagers-apprenticeship.jpg",670,377,false],"ecoworld-square-image":["https:\/\/ecocaminhos.com\/wp-content\/uploads\/2020\/05\/Agroforestry-eco-farm-brazil-teenagers-apprenticeship.jpg",670,377,false]},"rttpg_author":{"display_name":"bart bijen","author_link":"https:\/\/ecocaminhos.com\/br\/blog\/author\/bart\/"},"rttpg_comment":3319,"rttpg_category":"<a href=\"https:\/\/ecocaminhos.com\/br\/blog\/category\/uncategorized\/\" rel=\"category tag\">Uncategorized<\/a>","rttpg_excerpt":"Eco Caminhos \u00e9 uma comunidade intencional no Brasil com o objetivo de tornar-se mais socialmente, culturalmente, economicamente e\/ou ecologicamente sustent\u00e1vel. Com o mundo em crise, n\u00f3s decidimos encontrar uma abordagem [&hellip;]","post_mailing_queue_ids":[],"_links":{"self":[{"href":"https:\/\/ecocaminhos.com\/br\/wp-json\/wp\/v2\/posts\/7394","targetHints":{"allow":["GET"]}}],"collection":[{"href":"https:\/\/ecocaminhos.com\/br\/wp-json\/wp\/v2\/posts"}],"about":[{"href":"https:\/\/ecocaminhos.com\/br\/wp-json\/wp\/v2\/types\/post"}],"author":[{"embeddable":true,"href":"https:\/\/ecocaminhos.com\/br\/wp-json\/wp\/v2\/users\/4"}],"replies":[{"embeddable":true,"href":"https:\/\/ecocaminhos.com\/br\/wp-json\/wp\/v2\/comments?post=7394"}],"version-history":[{"count":34,"href":"https:\/\/ecocaminhos.com\/br\/wp-json\/wp\/v2\/posts\/7394\/revisions"}],"predecessor-version":[{"id":19369,"href":"https:\/\/ecocaminhos.com\/br\/wp-json\/wp\/v2\/posts\/7394\/revisions\/19369"}],"wp:featuredmedia":[{"embeddable":true,"href":"https:\/\/ecocaminhos.com\/br\/wp-json\/wp\/v2\/media\/7517"}],"wp:attachment":[{"href":"https:\/\/ecocaminhos.com\/br\/wp-json\/wp\/v2\/media?parent=7394"}],"wp:term":[{"taxonomy":"category","embeddable":true,"href":"https:\/\/ecocaminhos.com\/br\/wp-json\/wp\/v2\/categories?post=7394"},{"taxonomy":"post_tag","embeddable":true,"href":"https:\/\/ecocaminhos.com\/br\/wp-json\/wp\/v2\/tags?post=7394"}],"curies":[{"name":"wp","href":"https:\/\/api.w.org\/{rel}","templated":true}]}}