{"id":20013,"date":"2021-04-20T14:38:52","date_gmt":"2021-04-20T17:38:52","guid":{"rendered":"https:\/\/ecocaminhos.com\/?p=20013"},"modified":"2021-04-27T16:00:32","modified_gmt":"2021-04-27T19:00:32","slug":"programa-jovem-aprendiz-desenvolvimento-profissional-e-pessoal-do-rodrigo","status":"publish","type":"post","link":"https:\/\/ecocaminhos.com\/sp\/blog\/programa-jovem-aprendiz-desenvolvimento-profissional-e-pessoal-do-rodrigo\/","title":{"rendered":"Programa de Aprendiz Joven &#8211; Desarrollo Profesional y Personal de Rodrigo"},"content":{"rendered":"El <a href=\"https:\/\/ecocaminhos.com\/apprenticeship-programme\/\">programa Joven Aprendiz<\/a> en la finca consiste en formar j\u00f3venes para el mercado laboral y, adem\u00e1s, crecer como persona. Buscamos j\u00f3venes que no tengan buenas oportunidades de desarrollo profesional, para ayudar cada vez m\u00e1s a esta minor\u00eda. El crecimiento personal tiene como objetivo mejorar el comportamiento de la persona, tratar su relaci\u00f3n con los dem\u00e1s y el autoconocimiento.<\/p>\n<blockquote><p>\u00abConozco a Rodrigo desde que ten\u00eda 8 a\u00f1os, nos conocimos en el albergue de ni\u00f1os, lleg\u00f3 con sus hermanos, era uno de los m\u00e1s j\u00f3venes de la familia, muy t\u00edmido e introspectivo, era inteligente y muy interesado en aprender, nunca nos dio trabajo \u00ab.<\/p>\n<p>\u00abTengo muy buenos recuerdos de nuestro tiempo juntos. Cuando nos contact\u00f3 para ser parte del programa de j\u00f3venes aprendices, estaba muy feliz y emocionado de recibir a alguien con quien tengo una buena relaci\u00f3n, especialmente porque estaba muy motivado para participar en El programa. Lo que puedo decir de Rodrigo es que ha crecido mucho en madurez y responsabilidad, compromiso y disciplina desde que comenz\u00f3 en nuestro programa \u201d.<\/p>\n<p>\u00abAqu\u00ed queremos preparar a los j\u00f3venes para el mercado laboral. Rodrigo trabaja en la ma\u00f1ana y en la tarde, tomando una hora de clase de ingl\u00e9s a la semana y las actividades de la casa con los voluntarios. Es una rutina que requiere disciplina y compromiso. Y en Brasil, es necesario para lograr una carrera y crecer profesionalmente \u00ab.<\/p>\n<p>\u00abRodrigo est\u00e1 muy bien, estamos muy contentos. Agradecemos al patrocinador por la oportunidad que se le dio a este joven, sin su ayuda este proyecto no ser\u00eda posible\u00bb.<\/p><\/blockquote>\n<p>En el siguiente video, tenemos el testimonio de Rodrigo, hablando de su vida y trayectoria a Eco Caminhos, en el programa Jovem Aprendiz, compru\u00e9balo !!<\/p>\n[vc_video link=\u00bbhttps:\/\/www.youtube.com\/watch?v=5iJWc6RJkVE&amp;t=12s\u00bb el_width=\u00bb70&#8243; align=\u00bbcenter\u00bb][vc_separator border_width=\u00bb6&#8243;][vc_column_text css=\u00bb.vc_custom_1602780602239{background-color: #fffdf7 !important;border-radius: 10px !important;}\u00bb]\n<p>Gracias por llegar tan lejos. \u00bfTe gustar\u00eda formar parte de nuestro proyecto?<\/p>\n<p>Por favor cont\u00e1ctenos en <a href=\"mailto:info@ecocaminhos.com\">info@ecocaminhos.com<\/a>","protected":false},"excerpt":{"rendered":"<p>El programa Joven Aprendiz en la finca consiste en formar j\u00f3venes para el mercado laboral y, adem\u00e1s, crecer como persona. Buscamos j\u00f3venes que no tengan buenas oportunidades de desarrollo profesional, [&hellip;]<\/p>\n","protected":false},"author":4,"featured_media":20054,"comment_status":"closed","ping_status":"open","sticky":false,"template":"","format":"standard","meta":{"footnotes":"","_links_to":"","_links_to_target":""},"categories":[295,293],"tags":[],"class_list":["post-20013","post","type-post","status-publish","format-standard","has-post-thumbnail","hentry","category-education","category-testimonial"],"jetpack_featured_media_url":"https:\/\/ecocaminhos.com\/wp-content\/uploads\/2018\/02\/IMG_5795-scaled.jpg","rttpg_featured_image_url":{"full":["https:\/\/ecocaminhos.com\/wp-content\/uploads\/2018\/02\/IMG_5795-scaled.jpg",2560,1707,false],"landscape":["https:\/\/ecocaminhos.com\/wp-content\/uploads\/2018\/02\/IMG_5795-scaled.jpg",2560,1707,false],"portraits":["https:\/\/ecocaminhos.com\/wp-content\/uploads\/2018\/02\/IMG_5795-scaled.jpg",2560,1707,false],"thumbnail":["https:\/\/ecocaminhos.com\/wp-content\/uploads\/2018\/02\/IMG_5795-scaled.jpg",150,100,false],"medium":["https:\/\/ecocaminhos.com\/wp-content\/uploads\/2018\/02\/IMG_5795-scaled.jpg",300,200,false],"large":["https:\/\/ecocaminhos.com\/wp-content\/uploads\/2018\/02\/IMG_5795-scaled.jpg",1024,683,false],"1536x1536":["https:\/\/ecocaminhos.com\/wp-content\/uploads\/2018\/02\/IMG_5795-scaled.jpg",1536,1024,false],"2048x2048":["https:\/\/ecocaminhos.com\/wp-content\/uploads\/2018\/02\/IMG_5795-scaled.jpg",2048,1366,false],"classic-grid-listing":["https:\/\/ecocaminhos.com\/wp-content\/uploads\/2018\/02\/IMG_5795-scaled.jpg",600,400,false],"classic-list-listing":["https:\/\/ecocaminhos.com\/wp-content\/uploads\/2018\/02\/IMG_5795-scaled.jpg",240,160,false],"modern-grid-listing":["https:\/\/ecocaminhos.com\/wp-content\/uploads\/2018\/02\/IMG_5795-scaled.jpg",576,384,false],"product-page-image":["https:\/\/ecocaminhos.com\/wp-content\/uploads\/2018\/02\/IMG_5795-scaled.jpg",600,400,false],"product-category-page-image":["https:\/\/ecocaminhos.com\/wp-content\/uploads\/2018\/02\/IMG_5795-scaled.jpg",600,400,false],"swmsc-related-posts":["https:\/\/ecocaminhos.com\/wp-content\/uploads\/2018\/02\/IMG_5795-scaled.jpg",500,333,false],"swmsc-recent-post-tiny":["https:\/\/ecocaminhos.com\/wp-content\/uploads\/2018\/02\/IMG_5795-scaled.jpg",90,60,false],"swmsc-grid-image":["https:\/\/ecocaminhos.com\/wp-content\/uploads\/2018\/02\/IMG_5795-scaled.jpg",670,447,false],"swmsc-square-image":["https:\/\/ecocaminhos.com\/wp-content\/uploads\/2018\/02\/IMG_5795-scaled.jpg",670,447,false],"swmsc-blog-featured":["https:\/\/ecocaminhos.com\/wp-content\/uploads\/2018\/02\/IMG_5795-scaled.jpg",780,520,false],"woocommerce_thumbnail":["https:\/\/ecocaminhos.com\/wp-content\/uploads\/2018\/02\/IMG_5795-scaled-150x150.jpg",150,150,true],"woocommerce_single":["https:\/\/ecocaminhos.com\/wp-content\/uploads\/2018\/02\/IMG_5795-scaled-300x200.jpg",300,200,true],"woocommerce_gallery_thumbnail":["https:\/\/ecocaminhos.com\/wp-content\/uploads\/2018\/02\/IMG_5795-scaled-100x100.jpg",100,100,true],"ecoworld-blog-featured":["https:\/\/ecocaminhos.com\/wp-content\/uploads\/2018\/02\/IMG_5795-scaled.jpg",780,520,false],"ecoworld-blog-full":["https:\/\/ecocaminhos.com\/wp-content\/uploads\/2018\/02\/IMG_5795-scaled.jpg",780,520,false],"ecoworld-related-posts":["https:\/\/ecocaminhos.com\/wp-content\/uploads\/2018\/02\/IMG_5795-scaled.jpg",500,333,false],"ecoworld-recent-post-tiny":["https:\/\/ecocaminhos.com\/wp-content\/uploads\/2018\/02\/IMG_5795-scaled.jpg",90,60,false],"ecoworld-grid-image":["https:\/\/ecocaminhos.com\/wp-content\/uploads\/2018\/02\/IMG_5795-scaled.jpg",670,447,false],"ecoworld-standard":["https:\/\/ecocaminhos.com\/wp-content\/uploads\/2018\/02\/IMG_5795-scaled.jpg",670,447,false],"ecoworld-square-image":["https:\/\/ecocaminhos.com\/wp-content\/uploads\/2018\/02\/IMG_5795-scaled.jpg",670,447,false]},"rttpg_author":{"display_name":"bart bijen","author_link":"https:\/\/ecocaminhos.com\/sp\/blog\/author\/bart\/"},"rttpg_comment":0,"rttpg_category":"<a href=\"https:\/\/ecocaminhos.com\/sp\/blog\/category\/education\/\" rel=\"category tag\">Educaci\u00f3n<\/a> <a href=\"https:\/\/ecocaminhos.com\/sp\/blog\/category\/testimonial\/\" rel=\"category tag\">Testimonio<\/a>","rttpg_excerpt":"El programa Joven Aprendiz en la finca consiste en formar j\u00f3venes para el mercado laboral y, adem\u00e1s, crecer como persona. Buscamos j\u00f3venes que no tengan buenas oportunidades de desarrollo profesional, [&hellip;]","post_mailing_queue_ids":[],"_links":{"self":[{"href":"https:\/\/ecocaminhos.com\/sp\/wp-json\/wp\/v2\/posts\/20013","targetHints":{"allow":["GET"]}}],"collection":[{"href":"https:\/\/ecocaminhos.com\/sp\/wp-json\/wp\/v2\/posts"}],"about":[{"href":"https:\/\/ecocaminhos.com\/sp\/wp-json\/wp\/v2\/types\/post"}],"author":[{"embeddable":true,"href":"https:\/\/ecocaminhos.com\/sp\/wp-json\/wp\/v2\/users\/4"}],"replies":[{"embeddable":true,"href":"https:\/\/ecocaminhos.com\/sp\/wp-json\/wp\/v2\/comments?post=20013"}],"version-history":[{"count":10,"href":"https:\/\/ecocaminhos.com\/sp\/wp-json\/wp\/v2\/posts\/20013\/revisions"}],"predecessor-version":[{"id":20030,"href":"https:\/\/ecocaminhos.com\/sp\/wp-json\/wp\/v2\/posts\/20013\/revisions\/20030"}],"wp:featuredmedia":[{"embeddable":true,"href":"https:\/\/ecocaminhos.com\/sp\/wp-json\/wp\/v2\/media\/20054"}],"wp:attachment":[{"href":"https:\/\/ecocaminhos.com\/sp\/wp-json\/wp\/v2\/media?parent=20013"}],"wp:term":[{"taxonomy":"category","embeddable":true,"href":"https:\/\/ecocaminhos.com\/sp\/wp-json\/wp\/v2\/categories?post=20013"},{"taxonomy":"post_tag","embeddable":true,"href":"https:\/\/ecocaminhos.com\/sp\/wp-json\/wp\/v2\/tags?post=20013"}],"curies":[{"name":"wp","href":"https:\/\/api.w.org\/{rel}","templated":true}]}}