{"id":27336,"date":"2025-06-04T10:58:47","date_gmt":"2025-06-04T13:58:47","guid":{"rendered":"http:\/\/ecocaminhos.com\/?p=27336"},"modified":"2025-06-04T11:26:25","modified_gmt":"2025-06-04T14:26:25","slug":"agroforestry-nova-friburgo-atlantic-forest-education-adventure-sports","status":"publish","type":"post","link":"https:\/\/ecocaminhos.com\/sp\/blog\/agroforesteria-bosque-atlantico-nova-friburgo-educacion\/","title":{"rendered":"Celebrando la Mata Atl\u00e1ntica y la Cultura de Monta\u00f1a en el Coraz\u00f3n de Nova Friburgo: Agroforester\u00eda, Educaci\u00f3n Ambiental, Voluntariado y Deportes de Aventura"},"content":{"rendered":"<div class=\"wpb-content-wrapper\">[vc_row css=\u00bb.vc_custom_1739379399395{margin-right: 30px !important;margin-left: 30px !important;}\u00bb][vc_column]<div  class=\"swmsc_text_block\" > <\/div><div  class=\"clear swmsc_gap\" style=\"margin:30px 0 0 0;\"><\/div><div  class=\"clear swmsc_gap\" style=\"margin:30px 0 0 0;\"><\/div>[\/vc_column][\/vc_row][vc_row css=\u00bb.vc_custom_1740408802641{margin-right: 30px !important;margin-left: 30px !important;}\u00bb][vc_column width=\u00bb1\/2&#8243;]<div  class=\"swmsc_text_block\" > \u00bfEs posible conectar Agroforester\u00eda, Educaci\u00f3n Ambiental, Voluntariado y Deportes de Aventura? \u00a1Lee este art\u00edculo y desc\u00fabrelo!<\/p>\n<p>El mes de mayo nos invita a mirar con m\u00e1s atenci\u00f3n uno de los mayores tesoros naturales de Brasil: la Mata Atl\u00e1ntica. El 27 de mayo celebramos el D\u00eda Nacional de la Mata Atl\u00e1ntica. Esta fecha es m\u00e1s que un homenaje: es un llamado a la conciencia y a la acci\u00f3n colectiva para preservar y regenerar la naturaleza que a\u00fan resiste entre las monta\u00f1as del sureste brasile\u00f1o.<\/p>\n<p>Y si hay un lugar donde este llamado se toma en serio, es en <strong>Eco Caminhos<\/strong>, nuestra ecoaldea ubicada en la regi\u00f3n monta\u00f1osa de Nova Friburgo, R\u00edo de Janeiro.<\/p>\n<p><strong>\ud83c\udf3f Un Bosque Vivo que Necesita Cuidado<\/strong><\/p>\n<p>La Mata Atl\u00e1ntica alberga aproximadamente al 72% de la poblaci\u00f3n brasile\u00f1a y ya ha perdido m\u00e1s del 85% de su vegetaci\u00f3n original. Aun as\u00ed, sigue siendo uno de los biomas m\u00e1s biodiversos del mundo, con especies \u00fanicas de flora y fauna. Nova Friburgo forma parte de este ecosistema y, por eso, requiere atenci\u00f3n especial.<\/p>\n<p>Preservar lo que queda y restaurar lo que se ha destruido requiere acci\u00f3n pr\u00e1ctica, educaci\u00f3n ecol\u00f3gica y una nueva mirada sobre c\u00f3mo producimos, consumimos y vivimos. En Eco Caminhos practicamos la regeneraci\u00f3n ambiental activa, con sistemas agroforestales que imitan el funcionamiento natural del bosque, bioconstrucci\u00f3n con materiales ecol\u00f3gicos y locales, y la permacultura como filosof\u00eda y pr\u00e1ctica de vida.<\/div><div  class=\"clear swmsc_gap\" style=\"margin:30px 0 0 0;\"><\/div>[\/vc_column][vc_column width=\u00bb1\/2&#8243;]<div   >\n\t\t\t\t\t\t<div class=\"swmsc_image_gallery swmsc_gal1  \" data-grid=\"masonry\" style=\"margin-right:-40px;\">\n\t\t\t\t\t\t\t\n        \t\t\t\t<div class=\"swmsc_image_gallery_item\">\n        \t\t\t\t\t<div style=\"padding-right:40px; padding-bottom:40px;\">\n\t        \t\t\t\t\t<a href=\"https:\/\/ecocaminhos.com\/wp-content\/uploads\/2025\/06\/istockphoto-700763836-612x612-1.jpg\" class=\"swmsc_popup_gallery\" style=\"border-radius:0;\" title=\"Stream in the Atlantic forest\">\n\t\t        \t\t\t\t\t\t<img decoding=\"async\" style=\"border-width:0px;border-color:#e6e6e6; border-radius:0;\" src=\"https:\/\/ecocaminhos.com\/wp-content\/uploads\/2025\/06\/istockphoto-700763836-612x612-1.jpg\" alt=\"Stream in the Atlantic forest -\" title=\"\">\n\t\t        \t\t\t\t\t\t<span><i class=\"fa fa-search\" style=\"background-color:#f8b54e;color:#ffffff;\"><\/i><\/span>\n\t\t        \t\t\t\t\t<\/a>\n\t        \t\t\t\t\t\n\t        \t\t\t\t<\/div>\n        \t\t\t\t<\/div>\n        \t\t\t\t<div class=\"swmsc_image_gallery_item\">\n        \t\t\t\t\t<div style=\"padding-right:40px; padding-bottom:40px;\">\n\t        \t\t\t\t\t<a href=\"https:\/\/ecocaminhos.com\/wp-content\/uploads\/2025\/06\/istockphoto-1142662804-612x612-1.jpg\" class=\"swmsc_popup_gallery\" style=\"border-radius:0;\" title=\"Beautiful green landscape in Piabet\u00e1, municipality of Mag\u00e9 in Rio de Janeiro\">\n\t\t        \t\t\t\t\t\t<img decoding=\"async\" style=\"border-width:0px;border-color:#e6e6e6; border-radius:0;\" src=\"https:\/\/ecocaminhos.com\/wp-content\/uploads\/2025\/06\/istockphoto-1142662804-612x612-1.jpg\" alt=\"Beautiful green landscape in Piabet\u00e1, municipality of Mag\u00e9 in Rio de Janeiro\" title=\"\">\n\t\t        \t\t\t\t\t\t<span><i class=\"fa fa-search\" style=\"background-color:#f8b54e;color:#ffffff;\"><\/i><\/span>\n\t\t        \t\t\t\t\t<\/a>\n\t        \t\t\t\t\t\n\t        \t\t\t\t<\/div>\n        \t\t\t\t<\/div>\n\t\t\t\t\t\t<\/div>\n\t\t\t\t\t<\/div>[\/vc_column][\/vc_row][vc_row css=\u00bb.vc_custom_1739379399395{margin-right: 30px !important;margin-left: 30px !important;}\u00bb][vc_column]<div   >\n\t\t\t\t\t\t<div class=\"swmsc_image_gallery swmsc_gal3  \" data-grid=\"none\" style=\"margin-right:-20px;\">\n\t\t\t\t\t\t\t\n\t\t\t\t\t\t<\/div>\n\t\t\t\t\t<\/div><div  class=\"clear swmsc_gap\" style=\"margin:30px 0 0 0;\"><\/div><div  class=\"swmsc_text_block\" > <strong>\ud83c\udf31 Eco Caminhos: Regeneraci\u00f3n Ambiental y Transformaci\u00f3n Social<\/strong><\/p>\n<p>Cuidar la Mata Atl\u00e1ntica no es una campa\u00f1a \u2014 es nuestra rutina diaria. En nuestra finca, no solo admiramos el bosque \u2014 trabajamos cada d\u00eda para regenerarlo.<\/p>\n<p>Somos una ecoaldea basada en los principios de la permacultura, situada entre las monta\u00f1as de Nova Friburgo. Aqu\u00ed vivimos y promovemos un enfoque integrado de sostenibilidad que incluye:<\/p>\n<ul>\n<li>\ud83c\udf33 <strong>Agroforester\u00eda<\/strong>: sistemas de cultivo que imitan el comportamiento natural del bosque, uniendo producci\u00f3n de alimentos con regeneraci\u00f3n del suelo y la biodiversidad.<\/li>\n<li>M\u00e1s informaci\u00f3n: <a href=\"https:\/\/ecocaminhos.com\/es\/agroforesteria-agricultura-sintropica\/\">https:\/\/ecocaminhos.com\/es\/agroforesteria-agricultura-sintropica\/<\/a><\/li>\n<\/ul>\n<ul>\n<li>\ud83d\uded6 <strong>Bioconstrucci\u00f3n<\/strong>: t\u00e9cnicas ecol\u00f3gicas y de bajo impacto para construir viviendas funcionales, c\u00f3modas y en armon\u00eda con el entorno.<br \/>\nConoce nuestros proyectos: <a href=\"https:\/\/ecocaminhos.com\/es\/bioconstruccion-construccion-sustentable-brasil\/\">https:\/\/ecocaminhos.com\/es\/bioconstruccion-construccion-sustentable-brasil\/<\/a><\/li>\n<li>\ud83e\udd1d <strong>Integraci\u00f3n comunitaria y voluntariado internacional<\/strong>: recibimos personas de todo el mundo para vivir, aprender y compartir estos conocimientos.<br \/>\nOportunidades de voluntariado: <a href=\"https:\/\/ecocaminhos.com\/es\/oportunidades-de-voluntariado\/\">https:\/\/ecocaminhos.com\/es\/oportunidades-de-voluntariado\/<\/a><\/li>\n<\/ul>\n<p>Nuestro trabajo va m\u00e1s all\u00e1 de la tierra: impactamos positivamente a la comunidad local, promoviendo inclusi\u00f3n social, educaci\u00f3n ambiental y ofreciendo oportunidades para que j\u00f3venes y adultos se reconecten con la naturaleza de forma pr\u00e1ctica y transformadora.<\/div><div   >\n\t\t\t\t\t\t<div class=\"swmsc_image_gallery swmsc_gal2  \" data-grid=\"masonry\" style=\"margin-right:-20px;\">\n\t\t\t\t\t\t\t\n        \t\t\t\t<div class=\"swmsc_image_gallery_item\">\n        \t\t\t\t\t<div style=\"padding-right:20px; padding-bottom:20px;\">\n\t        \t\t\t\t\t<a href=\"https:\/\/ecocaminhos.com\/wp-content\/uploads\/2025\/06\/Copy-of-agroforestry-class-brazil-sustainable-farm-volunteer-in-brazil.jpg\" class=\"swmsc_popup_gallery\" style=\"border-radius:0px;\" title=\"Copy of agroforestry class brazil sustainable farm volunteer in brazil\">\n\t\t        \t\t\t\t\t\t<img decoding=\"async\" style=\"border-width:0px;border-color:#e6e6e6; border-radius:0px;\" src=\"https:\/\/ecocaminhos.com\/wp-content\/uploads\/2025\/06\/Copy-of-agroforestry-class-brazil-sustainable-farm-volunteer-in-brazil.jpg\" alt=\"Copy of agroforestry class brazil sustainable farm volunteer in brazil agroforestry nova Friburgo volunteering voluntariado atlantica\" title=\"\">\n\t\t        \t\t\t\t\t\t<span><i class=\"fa fa-search\" style=\"background-color:#f8b54e;color:#ffffff;\"><\/i><\/span>\n\t\t        \t\t\t\t\t<\/a>\n\t        \t\t\t\t\t\n\t        \t\t\t\t<\/div>\n        \t\t\t\t<\/div>\n        \t\t\t\t<div class=\"swmsc_image_gallery_item\">\n        \t\t\t\t\t<div style=\"padding-right:20px; padding-bottom:20px;\">\n\t        \t\t\t\t\t<a href=\"https:\/\/ecocaminhos.com\/wp-content\/uploads\/2025\/06\/DSC08342.jpg\" class=\"swmsc_popup_gallery\" style=\"border-radius:0px;\" title=\"DSC\">\n\t\t        \t\t\t\t\t\t<img decoding=\"async\" style=\"border-width:0px;border-color:#e6e6e6; border-radius:0px;\" src=\"https:\/\/ecocaminhos.com\/wp-content\/uploads\/2025\/06\/DSC08342.jpg\" alt=\"DSC\" title=\"\">\n\t\t        \t\t\t\t\t\t<span><i class=\"fa fa-search\" style=\"background-color:#f8b54e;color:#ffffff;\"><\/i><\/span>\n\t\t        \t\t\t\t\t<\/a>\n\t        \t\t\t\t\t\n\t        \t\t\t\t<\/div>\n        \t\t\t\t<\/div>\n        \t\t\t\t<div class=\"swmsc_image_gallery_item\">\n        \t\t\t\t\t<div style=\"padding-right:20px; padding-bottom:20px;\">\n\t        \t\t\t\t\t<a href=\"https:\/\/ecocaminhos.com\/wp-content\/uploads\/2025\/06\/DSC09964.jpg\" class=\"swmsc_popup_gallery\" style=\"border-radius:0px;\" title=\"DSC\">\n\t\t        \t\t\t\t\t\t<img decoding=\"async\" style=\"border-width:0px;border-color:#e6e6e6; border-radius:0px;\" src=\"https:\/\/ecocaminhos.com\/wp-content\/uploads\/2025\/06\/DSC09964.jpg\" alt=\"DSC\" title=\"\">\n\t\t        \t\t\t\t\t\t<span><i class=\"fa fa-search\" style=\"background-color:#f8b54e;color:#ffffff;\"><\/i><\/span>\n\t\t        \t\t\t\t\t<\/a>\n\t        \t\t\t\t\t\n\t        \t\t\t\t<\/div>\n        \t\t\t\t<\/div>\n        \t\t\t\t<div class=\"swmsc_image_gallery_item\">\n        \t\t\t\t\t<div style=\"padding-right:20px; padding-bottom:20px;\">\n\t        \t\t\t\t\t<a href=\"https:\/\/ecocaminhos.com\/wp-content\/uploads\/2024\/12\/IMG_1114.jpg\" class=\"swmsc_popup_gallery\" style=\"border-radius:0px;\" title=\"IMG\">\n\t\t        \t\t\t\t\t\t<img decoding=\"async\" style=\"border-width:0px;border-color:#e6e6e6; border-radius:0px;\" src=\"https:\/\/ecocaminhos.com\/wp-content\/uploads\/2024\/12\/IMG_1114.jpg\" alt=\"IMG\" title=\"\">\n\t\t        \t\t\t\t\t\t<span><i class=\"fa fa-search\" style=\"background-color:#f8b54e;color:#ffffff;\"><\/i><\/span>\n\t\t        \t\t\t\t\t<\/a>\n\t        \t\t\t\t\t\n\t        \t\t\t\t<\/div>\n        \t\t\t\t<\/div>\n\t\t\t\t\t\t<\/div>\n\t\t\t\t\t<\/div><div  class=\"clear swmsc_gap\" style=\"margin:30px 0 0 0;\"><\/div>[\/vc_column][\/vc_row][vc_row css=\u00bb.vc_custom_1739379399395{margin-right: 30px !important;margin-left: 30px !important;}\u00bb][vc_column]<div   >\n\t\t\t\t\t\t<div class=\"swmsc_image_gallery swmsc_gal3  \" data-grid=\"none\" style=\"margin-right:-20px;\">\n\t\t\t\t\t\t\t\n\t\t\t\t\t\t<\/div>\n\t\t\t\t\t<\/div><div  class=\"clear swmsc_gap\" style=\"margin:30px 0 0 0;\"><\/div><div  class=\"swmsc_text_block\" > <strong>\ud83c\udfd4\ufe0f Free Mountain Festival: Deporte, Cultura y Naturaleza en Armon\u00eda<\/strong><\/p>\n<p>Este a\u00f1o, el <strong>Free Mountain Festival<\/strong> dio a\u00fan m\u00e1s significado al mes de mayo. El evento, realizado en el Espa\u00e7o ARP y en las monta\u00f1as de Nova Friburgo, celebra la vida al aire libre y la cultura de monta\u00f1a, con actividades como senderismo, escalada, trail running, adem\u00e1s de charlas ambientales, exposiciones culturales y cine al aire libre.<\/p>\n<p>M\u00e1s que un evento deportivo, el Free Mountain Festival demostr\u00f3 que es posible unir aventura, arte, cultura y responsabilidad ambiental \u2014 creando experiencias que encantan y concientizan al mismo tiempo.<\/p>\n<p>En Eco Caminhos creemos profundamente en este tipo de iniciativas. Ver a tantas personas conect\u00e1ndose con la naturaleza y compartiendo saberes sobre el medio ambiente refuerza nuestra certeza de que el cambio ya comenz\u00f3 \u2014 y puede fortalecerse a\u00fan m\u00e1s con uni\u00f3n y prop\u00f3sito.<\/p>\n<p>Consulta el sitio web del evento:<a href=\"https:\/\/freemountain.com.br\/\" target=\"_blank\" rel=\"noopener\"> https:\/\/freemountain.com.br\/<\/a><\/div><div   >\n\t\t\t\t\t\t<div class=\"swmsc_image_gallery swmsc_gal2  \" data-grid=\"masonry\" style=\"margin-right:-20px;\">\n\t\t\t\t\t\t\t\n        \t\t\t\t<div class=\"swmsc_image_gallery_item\">\n        \t\t\t\t\t<div style=\"padding-right:20px; padding-bottom:20px;\">\n\t        \t\t\t\t\t<a href=\"https:\/\/ecocaminhos.com\/wp-content\/uploads\/2025\/06\/Captura-de-tela-2025-06-04-084113.png\" class=\"swmsc_popup_gallery\" style=\"border-radius:0px;\" title=\"Captura de tela\">\n\t\t        \t\t\t\t\t\t<img decoding=\"async\" style=\"border-width:0px;border-color:#e6e6e6; border-radius:0px;\" src=\"https:\/\/ecocaminhos.com\/wp-content\/uploads\/2025\/06\/Captura-de-tela-2025-06-04-084113.png\" alt=\"Captura de tela\" title=\"\">\n\t\t        \t\t\t\t\t\t<span><i class=\"fa fa-search\" style=\"background-color:#f8b54e;color:#ffffff;\"><\/i><\/span>\n\t\t        \t\t\t\t\t<\/a>\n\t        \t\t\t\t\t\n\t        \t\t\t\t<\/div>\n        \t\t\t\t<\/div>\n        \t\t\t\t<div class=\"swmsc_image_gallery_item\">\n        \t\t\t\t\t<div style=\"padding-right:20px; padding-bottom:20px;\">\n\t        \t\t\t\t\t<a href=\"https:\/\/ecocaminhos.com\/wp-content\/uploads\/2025\/06\/Captura-de-tela-2025-06-04-084149.png\" class=\"swmsc_popup_gallery\" style=\"border-radius:0px;\" title=\"Captura de tela\">\n\t\t        \t\t\t\t\t\t<img decoding=\"async\" style=\"border-width:0px;border-color:#e6e6e6; border-radius:0px;\" src=\"https:\/\/ecocaminhos.com\/wp-content\/uploads\/2025\/06\/Captura-de-tela-2025-06-04-084149.png\" alt=\"Captura de tela\" title=\"\">\n\t\t        \t\t\t\t\t\t<span><i class=\"fa fa-search\" style=\"background-color:#f8b54e;color:#ffffff;\"><\/i><\/span>\n\t\t        \t\t\t\t\t<\/a>\n\t        \t\t\t\t\t\n\t        \t\t\t\t<\/div>\n        \t\t\t\t<\/div>\n\t\t\t\t\t\t<\/div>\n\t\t\t\t\t<\/div><div  class=\"clear swmsc_gap\" style=\"margin:30px 0 0 0;\"><\/div>[\/vc_column][\/vc_row][vc_row css=\u00bb.vc_custom_1740408854358{margin-right: 30px !important;margin-left: 30px !important;}\u00bb][vc_column width=\u00bb1\/2&#8243; css=\u00bb.vc_custom_1740579636539{margin-right: 100px !important;padding-right: 50px !important;}\u00bb]<div  class=\"clear swmsc_gap\" style=\"margin:30px 0 0 0;\"><\/div><div  class=\"clear swmsc_gap\" style=\"margin:30px 0 0 0;\"><\/div><div  class=\"swmsc_image_lightbox  image_left\" >\n\n\t\t\t\t\t\t<div class=\"swmsc_image_lightbox_img\"><img decoding=\"async\" alt=\"\" src=\"https:\/\/ecocaminhos.com\/wp-content\/uploads\/2025\/06\/DSC_0372-scaled.jpg\" class=\"\" style=\"border-radius:0px;\" title=\"\"><div class=\"swmsc_img_overlay\" style=\"border-radius:0px;\">\n\t\t\t\t\t\t\t\t\t\t\t\t<a class=\"swmsc_popup_img\" href=\"#\" title=\"\" target=\"_self\" >\n\t\t\t\t\t\t\t\t\t\t\t\t\t<i class=\"fa fa-search\"><\/i>\n\t\t\t\t\t\t\t\t\t\t\t\t<\/a>\n\t\t\t\t\t\t\t\t\t\t\t<\/div><\/div><\/div>[\/vc_column][vc_column width=\u00bb1\/2&#8243;]<div  class=\"clear swmsc_gap\" style=\"margin:30px 0 0 0;\"><\/div><div  class=\"swmsc_text_block\" > <strong>\ud83c\udf0d Sostenibilidad en la Pr\u00e1ctica: Nuestro Papel Local y Global<\/strong><\/p>\n<p>Eco Caminhos es un espacio de transformaci\u00f3n ecol\u00f3gica y social. Recibimos voluntarios, aprendices y turistas de todo el mundo que vienen a aprender, ense\u00f1ar y vivir una nueva forma de relacionarse con la tierra. Al regenerar el suelo, plantar \u00e1rboles, construir casas con barro y vivir en comunidad, estamos escribiendo una nueva narrativa para el planeta \u2014 y comienza aqu\u00ed, en la Mata Atl\u00e1ntica.<\/p>\n<p>Creemos que la preservaci\u00f3n no se logra en soledad. Se necesitan alianzas, eventos, educaci\u00f3n y la presencia activa de la comunidad. Por eso, celebramos cada movimiento que valora nuestras monta\u00f1as, nuestro bosque y nuestra cultura de monta\u00f1a.<\/div>[\/vc_column][\/vc_row][vc_row css=\u00bb.vc_custom_1749039157809{margin-right: 20px !important;margin-left: 20px !important;}\u00bb][vc_column]<div  class=\"clear swmsc_gap\" style=\"margin:30px 0 0 0;\"><\/div><div  class=\"swmsc_text_block\" > <strong>\ud83e\udd1d El Futuro Depende de Nuestras Elecciones<\/strong><\/p>\n<p>La Mata Atl\u00e1ntica necesita m\u00e1s que protecci\u00f3n: necesita personas comprometidas, conectadas y dispuestas a cambiar su forma de vivir. Eso es lo que buscamos en Eco Caminhos. Y por eso, cada visita, cada festival, cada voluntario y cada \u00e1rbol plantado cuenta.<\/p>\n<p>Si crees en este camino, ven a conocernos. Participa como voluntario, aprendiz o visitante. Ayuda a regenerar el bosque y construir un futuro m\u00e1s justo, sostenible y conectado con la naturaleza.<br \/>\n\ud83c\udf10 <a href=\"https:\/\/www.ecocaminhos.com\">www.ecocaminhos.com<\/a><\/div><div  class=\"swmsc_image_lightbox  image_left\" >\n\n\t\t\t\t\t\t<div class=\"swmsc_image_lightbox_img\"><img decoding=\"async\" alt=\"\" src=\"https:\/\/ecocaminhos.com\/wp-content\/uploads\/2025\/02\/Agroforestry-at-Eco-Caminhos-Brazil-Permaculture-Eucalyptus.png\" class=\"\" style=\"border-radius:5px;\" title=\"\"><div class=\"swmsc_img_overlay\" style=\"border-radius:5px;\">\n\t\t\t\t\t\t\t\t\t\t\t\t<a class=\"swmsc_popup_img\" href=\"#\" title=\"\" target=\"_self\" >\n\t\t\t\t\t\t\t\t\t\t\t\t\t<i class=\"fa fa-search\"><\/i>\n\t\t\t\t\t\t\t\t\t\t\t\t<\/a>\n\t\t\t\t\t\t\t\t\t\t\t<\/div><\/div><\/div>[\/vc_column][\/vc_row][vc_column][\/vc_column]\n<\/div>","protected":false},"excerpt":{"rendered":"<p>[vc_row css=\u00bb.vc_custom_1739379399395{margin-right: 30px !important;margin-left: 30px !important;}\u00bb][vc_column][\/vc_column][\/vc_row][vc_row css=\u00bb.vc_custom_1740408802641{margin-right: 30px !important;margin-left: 30px !important;}\u00bb][vc_column width=\u00bb1\/2&#8243;][\/vc_column][vc_column width=\u00bb1\/2&#8243;][\/vc_column][\/vc_row][vc_row css=\u00bb.vc_custom_1739379399395{margin-right: 30px !important;margin-left: 30px !important;}\u00bb][vc_column][\/vc_column][\/vc_row][vc_row css=\u00bb.vc_custom_1739379399395{margin-right: 30px !important;margin-left: 30px !important;}\u00bb][vc_column][\/vc_column][\/vc_row][vc_row css=\u00bb.vc_custom_1740408854358{margin-right: 30px !important;margin-left: 30px !important;}\u00bb][vc_column width=\u00bb1\/2&#8243; css=\u00bb.vc_custom_1740579636539{margin-right: [&hellip;]<\/p>\n","protected":false},"author":39,"featured_media":27337,"comment_status":"closed","ping_status":"open","sticky":false,"template":"","format":"standard","meta":{"footnotes":"","_links_to":"","_links_to_target":""},"categories":[398,393],"tags":[327,324,287,404,331,351,350,407,408,349,405,406,285,328,409,386,290,333,325],"class_list":["post-27336","post","type-post","status-publish","format-standard","has-post-thumbnail","hentry","category-eco-turismo","category-meio-ambiente","tag-agroecologia","tag-agrofloresta-2","tag-agroforestry","tag-atlantic-forest","tag-bioconstruction-2","tag-brazil","tag-ecovila","tag-educacao-ambiental","tag-environmental-education","tag-farm","tag-floresta-atlantica","tag-mata-atlatica","tag-natural-building","tag-nova-friburgo","tag-outdoor-sports","tag-permacultura","tag-permaculture","tag-sustainable-living","tag-volunteering-2"],"jetpack_featured_media_url":"https:\/\/ecocaminhos.com\/wp-content\/uploads\/2025\/06\/Copy-of-colmeia-bioconstruction-air-pic-2024.jpeg","rttpg_featured_image_url":{"full":["https:\/\/ecocaminhos.com\/wp-content\/uploads\/2025\/06\/Copy-of-colmeia-bioconstruction-air-pic-2024.jpeg",2560,1920,false],"landscape":["https:\/\/ecocaminhos.com\/wp-content\/uploads\/2025\/06\/Copy-of-colmeia-bioconstruction-air-pic-2024.jpeg",2560,1920,false],"portraits":["https:\/\/ecocaminhos.com\/wp-content\/uploads\/2025\/06\/Copy-of-colmeia-bioconstruction-air-pic-2024.jpeg",2560,1920,false],"thumbnail":["https:\/\/ecocaminhos.com\/wp-content\/uploads\/2025\/06\/Copy-of-colmeia-bioconstruction-air-pic-2024-150x150.jpeg",150,150,true],"medium":["https:\/\/ecocaminhos.com\/wp-content\/uploads\/2025\/06\/Copy-of-colmeia-bioconstruction-air-pic-2024-300x225.jpeg",300,225,true],"large":["https:\/\/ecocaminhos.com\/wp-content\/uploads\/2025\/06\/Copy-of-colmeia-bioconstruction-air-pic-2024-1024x768.jpeg",1024,768,true],"1536x1536":["https:\/\/ecocaminhos.com\/wp-content\/uploads\/2025\/06\/Copy-of-colmeia-bioconstruction-air-pic-2024-1536x1152.jpeg",1536,1152,true],"2048x2048":["https:\/\/ecocaminhos.com\/wp-content\/uploads\/2025\/06\/Copy-of-colmeia-bioconstruction-air-pic-2024-2048x1536.jpeg",2048,1536,true],"classic-grid-listing":["https:\/\/ecocaminhos.com\/wp-content\/uploads\/2025\/06\/Copy-of-colmeia-bioconstruction-air-pic-2024-600x450.jpeg",600,450,true],"classic-list-listing":["https:\/\/ecocaminhos.com\/wp-content\/uploads\/2025\/06\/Copy-of-colmeia-bioconstruction-air-pic-2024-213x160.jpeg",213,160,true],"modern-grid-listing":["https:\/\/ecocaminhos.com\/wp-content\/uploads\/2025\/06\/Copy-of-colmeia-bioconstruction-air-pic-2024-600x384.jpeg",600,384,true],"product-page-image":["https:\/\/ecocaminhos.com\/wp-content\/uploads\/2025\/06\/Copy-of-colmeia-bioconstruction-air-pic-2024-600x450.jpeg",600,450,true],"product-category-page-image":["https:\/\/ecocaminhos.com\/wp-content\/uploads\/2025\/06\/Copy-of-colmeia-bioconstruction-air-pic-2024-600x450.jpeg",600,450,true],"swmsc-related-posts":["https:\/\/ecocaminhos.com\/wp-content\/uploads\/2025\/06\/Copy-of-colmeia-bioconstruction-air-pic-2024-500x344.jpeg",500,344,true],"swmsc-recent-post-tiny":["https:\/\/ecocaminhos.com\/wp-content\/uploads\/2025\/06\/Copy-of-colmeia-bioconstruction-air-pic-2024-90x90.jpeg",90,90,true],"swmsc-grid-image":["https:\/\/ecocaminhos.com\/wp-content\/uploads\/2025\/06\/Copy-of-colmeia-bioconstruction-air-pic-2024-670x460.jpeg",670,460,true],"swmsc-square-image":["https:\/\/ecocaminhos.com\/wp-content\/uploads\/2025\/06\/Copy-of-colmeia-bioconstruction-air-pic-2024-670x670.jpeg",670,670,true],"swmsc-blog-featured":["https:\/\/ecocaminhos.com\/wp-content\/uploads\/2025\/06\/Copy-of-colmeia-bioconstruction-air-pic-2024-850x520.jpeg",850,520,true],"woocommerce_thumbnail":["https:\/\/ecocaminhos.com\/wp-content\/uploads\/2025\/06\/Copy-of-colmeia-bioconstruction-air-pic-2024-150x150.jpeg",150,150,true],"woocommerce_single":["https:\/\/ecocaminhos.com\/wp-content\/uploads\/2025\/06\/Copy-of-colmeia-bioconstruction-air-pic-2024-300x225.jpeg",300,225,true],"woocommerce_gallery_thumbnail":["https:\/\/ecocaminhos.com\/wp-content\/uploads\/2025\/06\/Copy-of-colmeia-bioconstruction-air-pic-2024-100x100.jpeg",100,100,true],"ecoworld-blog-featured":["https:\/\/ecocaminhos.com\/wp-content\/uploads\/2025\/06\/Copy-of-colmeia-bioconstruction-air-pic-2024-850x520.jpeg",850,520,true],"ecoworld-blog-full":["https:\/\/ecocaminhos.com\/wp-content\/uploads\/2025\/06\/Copy-of-colmeia-bioconstruction-air-pic-2024-1180x520.jpeg",1180,520,true],"ecoworld-related-posts":["https:\/\/ecocaminhos.com\/wp-content\/uploads\/2025\/06\/Copy-of-colmeia-bioconstruction-air-pic-2024-500x344.jpeg",500,344,true],"ecoworld-recent-post-tiny":["https:\/\/ecocaminhos.com\/wp-content\/uploads\/2025\/06\/Copy-of-colmeia-bioconstruction-air-pic-2024-90x90.jpeg",90,90,true],"ecoworld-grid-image":["https:\/\/ecocaminhos.com\/wp-content\/uploads\/2025\/06\/Copy-of-colmeia-bioconstruction-air-pic-2024-670x460.jpeg",670,460,true],"ecoworld-standard":["https:\/\/ecocaminhos.com\/wp-content\/uploads\/2025\/06\/Copy-of-colmeia-bioconstruction-air-pic-2024-670x1920.jpeg",670,1920,true],"ecoworld-square-image":["https:\/\/ecocaminhos.com\/wp-content\/uploads\/2025\/06\/Copy-of-colmeia-bioconstruction-air-pic-2024-670x670.jpeg",670,670,true]},"rttpg_author":{"display_name":"Jonathan Belarmino","author_link":"https:\/\/ecocaminhos.com\/sp\/blog\/author\/jonathan-mbelarmino\/"},"rttpg_comment":0,"rttpg_category":"<a href=\"https:\/\/ecocaminhos.com\/sp\/blog\/category\/eco-turismo\/\" rel=\"category tag\">Eco Turismo<\/a> <a href=\"https:\/\/ecocaminhos.com\/sp\/blog\/category\/meio-ambiente\/\" rel=\"category tag\">Meio Ambiente<\/a>","rttpg_excerpt":"[vc_row css=\u00bb.vc_custom_1739379399395{margin-right: 30px !important;margin-left: 30px !important;}\u00bb][vc_column][\/vc_column][\/vc_row][vc_row css=\u00bb.vc_custom_1740408802641{margin-right: 30px !important;margin-left: 30px !important;}\u00bb][vc_column width=\u00bb1\/2&#8243;][\/vc_column][vc_column width=\u00bb1\/2&#8243;][\/vc_column][\/vc_row][vc_row css=\u00bb.vc_custom_1739379399395{margin-right: 30px !important;margin-left: 30px !important;}\u00bb][vc_column][\/vc_column][\/vc_row][vc_row css=\u00bb.vc_custom_1739379399395{margin-right: 30px !important;margin-left: 30px !important;}\u00bb][vc_column][\/vc_column][\/vc_row][vc_row css=\u00bb.vc_custom_1740408854358{margin-right: 30px !important;margin-left: 30px !important;}\u00bb][vc_column width=\u00bb1\/2&#8243; css=\u00bb.vc_custom_1740579636539{margin-right: [&hellip;]","post_mailing_queue_ids":[],"_links":{"self":[{"href":"https:\/\/ecocaminhos.com\/sp\/wp-json\/wp\/v2\/posts\/27336","targetHints":{"allow":["GET"]}}],"collection":[{"href":"https:\/\/ecocaminhos.com\/sp\/wp-json\/wp\/v2\/posts"}],"about":[{"href":"https:\/\/ecocaminhos.com\/sp\/wp-json\/wp\/v2\/types\/post"}],"author":[{"embeddable":true,"href":"https:\/\/ecocaminhos.com\/sp\/wp-json\/wp\/v2\/users\/39"}],"replies":[{"embeddable":true,"href":"https:\/\/ecocaminhos.com\/sp\/wp-json\/wp\/v2\/comments?post=27336"}],"version-history":[{"count":10,"href":"https:\/\/ecocaminhos.com\/sp\/wp-json\/wp\/v2\/posts\/27336\/revisions"}],"predecessor-version":[{"id":27356,"href":"https:\/\/ecocaminhos.com\/sp\/wp-json\/wp\/v2\/posts\/27336\/revisions\/27356"}],"wp:featuredmedia":[{"embeddable":true,"href":"https:\/\/ecocaminhos.com\/sp\/wp-json\/wp\/v2\/media\/27337"}],"wp:attachment":[{"href":"https:\/\/ecocaminhos.com\/sp\/wp-json\/wp\/v2\/media?parent=27336"}],"wp:term":[{"taxonomy":"category","embeddable":true,"href":"https:\/\/ecocaminhos.com\/sp\/wp-json\/wp\/v2\/categories?post=27336"},{"taxonomy":"post_tag","embeddable":true,"href":"https:\/\/ecocaminhos.com\/sp\/wp-json\/wp\/v2\/tags?post=27336"}],"curies":[{"name":"wp","href":"https:\/\/api.w.org\/{rel}","templated":true}]}}