{"id":29173,"date":"2025-11-04T13:38:31","date_gmt":"2025-11-04T16:38:31","guid":{"rendered":"https:\/\/ecocaminhos.com\/?p=29173"},"modified":"2025-12-31T11:28:07","modified_gmt":"2025-12-31T14:28:07","slug":"october-highlights-volunteering-ecotourism-and-sustainable-projects","status":"publish","type":"post","link":"https:\/\/ecocaminhos.com\/sp\/blog\/lo-mas-destacado-de-octubre-voluntariado-ecoturismo-y-proyectos-sostenibles-en-eco-caminhos-3\/","title":{"rendered":"Lo M\u00e1s Destacado de Octubre: Voluntariado, Ecoturismo y Proyectos Sostenibles"},"content":{"rendered":"<div class=\"wpb-content-wrapper\">[vc_row][vc_column][vc_column_text css=\u00bb\u00bb]\n<p style=\"text-align: center;\">Octubre fue un mes lleno de energ\u00eda, aprendizajes y conexiones internacionales en Eco Caminhos. Desde la llegada de nuevos voluntarios hasta la visita de instituciones internacionales y el 1\u00ba Open Day Eco Caminhos para la comunidad local, este mes reflej\u00f3 el coraz\u00f3n de nuestra misi\u00f3n: construir una comunidad sostenible a trav\u00e9s del voluntariado, el ecoturismo y el aprendizaje pr\u00e1ctico en permacultura, agroforester\u00eda y bioconstrucci\u00f3n.<\/p>\n[\/vc_column_text]<div  class=\"clear swmsc_gap\" style=\"margin:30px 0 0 0;\"><\/div><div  class=\"swmsc_custom_dividers swmsc_dividers_line_dot text_align_center\" style=\"margin-top:20px;margin-bottom:20px; clear:both;\"><div class=\"swmsc_dividers_dotline_holder\" style=\"max-width:100px;\">\n\t\t\t\t\t\t\t\t\t<span class=\"swmsc_dividers_dotline_line\" style=\"background-color:#444444;\"><\/span>\n\t\t\t\t\t\t\t\t\t<span class=\"swmsc_dividers_dotline_dot\" style=\"background-color:#444444;\"><\/span>\n\t\t\t\t\t\t\t\t\t<div class=\"clear\"><\/div>\n\t\t\t\t\t\t\t\t<\/div><\/div>[\/vc_column][\/vc_row][vc_row][vc_column width=\u00bb1\/2&#8243;]<div  class=\"clear swmsc_gap\" style=\"margin:60px 0 0 0;\"><\/div><div  class=\"swmsc_text_block\" > \n<h2 style=\"text-align: center;\">Nuevos Voluntarios Internacionales<\/h2>\n<p style=\"text-align: center;\">A comienzos de este mes tuvimos la alegr\u00eda de recibir a varios nuevos voluntarios que se unieron a nuestro programa de iniciaci\u00f3n al voluntariado, fortaleciendo as\u00ed nuestra comunidad internacional. Isabella (Reino Unido\/Colombia), George (Rumania\/Reino Unido), Milan (B\u00e9lgica), Arthur (Brasil) y Oscar (Irlanda) llegaron llenos de entusiasmo y curiosidad.\u00a0Cada voluntario que pasa por Eco Caminhos contribuye no solo a las actividades diarias de la granja, sino tambi\u00e9n al crecimiento colectivo de la comunidad. A trav\u00e9s del trabajo en equipo, el intercambio cultural y el aprendizaje pr\u00e1ctico, se involucran en pr\u00e1cticas sostenibles como la permacultura, el manejo de sistemas agroforestales y las t\u00e9cnicas de bioconstrucci\u00f3n, dejando su huella en Eco Caminhos.<\/p>\n<\/div>[\/vc_column][vc_column width=\u00bb1\/2&#8243;]<div class=\"center\"><div  class=\"swmsc_image_lightbox  image_center\" >\n\n\t\t\t\t\t\t<div class=\"swmsc_image_lightbox_img\"><img decoding=\"async\" alt=\"Noche social con voluntarios preparando una cena colectiva en Eco Caminhos\" src=\"https:\/\/ecocaminhos.com\/wp-content\/uploads\/2025\/11\/Imagem-do-WhatsApp-de-2025-11-03-as-15.00.42_588ec822.jpg\" class=\"\" style=\"border-radius:5px;\" title=\"\"><div class=\"swmsc_img_overlay\" style=\"border-radius:5px;\">\n\t\t\t\t\t\t\t\t\t\t\t\t<a class=\"swmsc_popup_img\" href=\"#\" title=\"Cena colectiva en Eco Caminhos durante la noche social\" target=\"_self\" >\n\t\t\t\t\t\t\t\t\t\t\t\t\t<i class=\"fa fa-search\"><\/i>\n\t\t\t\t\t\t\t\t\t\t\t\t<\/a>\n\t\t\t\t\t\t\t\t\t\t\t<\/div><\/div><\/div><\/div>[\/vc_column][\/vc_row][vc_row][vc_column]<div  class=\"clear swmsc_gap\" style=\"margin:30px 0 0 0;\"><\/div><div  class=\"swmsc_custom_dividers swmsc_dividers_line_dot text_align_center\" style=\"margin-top:20px;margin-bottom:20px; clear:both;\"><div class=\"swmsc_dividers_dotline_holder\" style=\"max-width:100px;\">\n\t\t\t\t\t\t\t\t\t<span class=\"swmsc_dividers_dotline_line\" style=\"background-color:#444444;\"><\/span>\n\t\t\t\t\t\t\t\t\t<span class=\"swmsc_dividers_dotline_dot\" style=\"background-color:#444444;\"><\/span>\n\t\t\t\t\t\t\t\t\t<div class=\"clear\"><\/div>\n\t\t\t\t\t\t\t\t<\/div><\/div>[\/vc_column][\/vc_row][vc_row][vc_column width=\u00bb2\/5&#8243;]<div  class=\"swmsc_text_block\" > \n<h2 style=\"text-align: center;\">Visita de la Royal Dutch Geographical Society<\/h2>\n<\/div><div class=\"center\"><div  class=\"swmsc_image_lightbox  image_center\" >\n\n\t\t\t\t\t\t<div class=\"swmsc_image_lightbox_img\"><img decoding=\"async\" alt=\"Grupo de profesores holandeses visitando el proyecto Ecolibrium en Eco Caminhos\" src=\"https:\/\/ecocaminhos.com\/wp-content\/uploads\/2025\/11\/Imagem-do-WhatsApp-de-2025-11-03-as-15.01.25_0a56a765.jpg\" class=\"\" style=\"border-radius:5px;\" title=\"\"><div class=\"swmsc_img_overlay\" style=\"border-radius:5px;\">\n\t\t\t\t\t\t\t\t\t\t\t\t<a class=\"swmsc_popup_img\" href=\"#\" title=\"Profesores holandeses en el proyecto Ecolibrium\" target=\"_self\" >\n\t\t\t\t\t\t\t\t\t\t\t\t\t<i class=\"fa fa-search\"><\/i>\n\t\t\t\t\t\t\t\t\t\t\t\t<\/a>\n\t\t\t\t\t\t\t\t\t\t\t<\/div><\/div><\/div><\/div>[\/vc_column][vc_column width=\u00bb2\/5&#8243;]<div  class=\"clear swmsc_gap\" style=\"margin:30px 0 0 0;\"><\/div><div  class=\"swmsc_text_block\" > \n<p style=\"text-align: center;\">El 14 de octubre, Eco Caminhos recibi\u00f3 a 18 profesores de geograf\u00eda de los Pa\u00edses Bajos de la Royal Dutch Geographical Society para un d\u00eda completo de actividades en la granja. El grupo particip\u00f3 en experiencias pr\u00e1cticas de bioconstrucci\u00f3n, agroforester\u00eda y vida sostenible, aprendiendo directamente de nuestro fundador Bart Bijen, de los voluntarios y del equipo local.\u00a0Esta visita reforz\u00f3 la importancia del intercambio de conocimientos e inspir\u00f3 nuevas formas de vivir de manera consciente y sostenible.<\/p>\n<p style=\"text-align: center;\">Testimonio de Steven Roosendaal (traducido del neerland\u00e9s):<\/p>\n<p style=\"text-align: center;\">\u201cDurante un viaje de estudios con Bart, tuve una excelente impresi\u00f3n de c\u00f3mo el ecoturismo y la agroforester\u00eda pueden trabajar juntos y contribuir a la reforestaci\u00f3n. Es una persona maravillosa, con ideas bien desarrolladas y siempre dispuesto a compartir. Vale mucho la pena visitar y participar.\u201d<\/p>\n<\/div>[\/vc_column][vc_column width=\u00bb1\/5&#8243;]<div  class=\"clear swmsc_gap\" style=\"margin:100px 0 0 0;\"><\/div><div class=\"center\"><div  class=\"swmsc_image_lightbox  image_center\" >\n\n\t\t\t\t\t\t<div class=\"swmsc_image_lightbox_img\"><img decoding=\"async\" alt=\"Profesores holandeses participando en actividad pr\u00e1ctica de bioconstrucci\u00f3n en Eco Caminhos\" src=\"https:\/\/ecocaminhos.com\/wp-content\/uploads\/2025\/11\/Imagem-do-WhatsApp-de-2025-11-03-as-15.01.25_86a22c5d.jpg\" class=\"\" style=\"border-radius:5px;\" title=\"\"><div class=\"swmsc_img_overlay\" style=\"border-radius:5px;\">\n\t\t\t\t\t\t\t\t\t\t\t\t<a class=\"swmsc_popup_img\" href=\"#\" title=\"Profesores holandeses trabajando en bioconstrucci\u00f3n\" target=\"_self\" >\n\t\t\t\t\t\t\t\t\t\t\t\t\t<i class=\"fa fa-search\"><\/i>\n\t\t\t\t\t\t\t\t\t\t\t\t<\/a>\n\t\t\t\t\t\t\t\t\t\t\t<\/div><\/div><\/div><\/div><div  class=\"clear swmsc_gap\" style=\"margin:100px 0 0 0;\"><\/div>[\/vc_column][\/vc_row][vc_row][vc_column]<div  class=\"swmsc_custom_dividers swmsc_dividers_line_dot text_align_center\" style=\"margin-top:20px;margin-bottom:20px; clear:both;\"><div class=\"swmsc_dividers_dotline_holder\" style=\"max-width:100px;\">\n\t\t\t\t\t\t\t\t\t<span class=\"swmsc_dividers_dotline_line\" style=\"background-color:#444444;\"><\/span>\n\t\t\t\t\t\t\t\t\t<span class=\"swmsc_dividers_dotline_dot\" style=\"background-color:#444444;\"><\/span>\n\t\t\t\t\t\t\t\t\t<div class=\"clear\"><\/div>\n\t\t\t\t\t\t\t\t<\/div><\/div>[\/vc_column][\/vc_row][vc_row][vc_column width=\u00bb1\/6&#8243;][\/vc_column][vc_column width=\u00bb2\/6&#8243;]<div  class=\"clear swmsc_gap\" style=\"margin:30px 0 0 0;\"><\/div><div class=\"center\"><div  class=\"swmsc_image_lightbox  image_center\" >\n\n\t\t\t\t\t\t<div class=\"swmsc_image_lightbox_img\"><img decoding=\"async\" alt=\"Voluntarias Zita y Mirthe trabajando en un proyecto de bioconstrucci\u00f3n en Eco Caminhos\" src=\"https:\/\/ecocaminhos.com\/wp-content\/uploads\/2025\/11\/Imagem-do-WhatsApp-de-2025-11-03-as-15.00.41_cbd47488-e1762349940123.jpg\" class=\"\" style=\"border-radius:5px;\" title=\"\"><div class=\"swmsc_img_overlay\" style=\"border-radius:5px;\">\n\t\t\t\t\t\t\t\t\t\t\t\t<a class=\"swmsc_popup_img\" href=\"#\" title=\"Zita y Mirthe en la bioconstrucci\u00f3n de Eco Caminhos\" target=\"_self\" >\n\t\t\t\t\t\t\t\t\t\t\t\t\t<i class=\"fa fa-search\"><\/i>\n\t\t\t\t\t\t\t\t\t\t\t\t<\/a>\n\t\t\t\t\t\t\t\t\t\t\t<\/div><\/div><\/div><\/div>[\/vc_column][vc_column width=\u00bb2\/6&#8243;]<div  class=\"clear swmsc_gap\" style=\"margin:60px 0 0 0;\"><\/div><div  class=\"swmsc_text_block\" > \n<h2>Llegada de Futuras Arquitectas Belgas para su Pr\u00e1ctica Profesional<\/h2>\n<p>Octubre tambi\u00e9n marc\u00f3 la llegada de cinco voluntarias de B\u00e9lgica, entre ellas Mirthe y Zita, estudiantes de arquitectura en Thomas More, que realizar\u00e1n una pasant\u00eda de tres meses en Eco Caminhos.\u00a0La misi\u00f3n principal de su pr\u00e1ctica acad\u00e9mica es dise\u00f1ar y construir un cuarto de herramientas ecol\u00f3gico en nuestro nuevo Sistema Agroforestal 6 (SAF 6).<br \/>\nEste proyecto les permite aplicar sus habilidades arquitect\u00f3nicas de manera pr\u00e1ctica y sostenible, contribuyendo al desarrollo de la granja.\u00a0Su presencia fortalece la comunidad internacional y ofrece oportunidades de aprendizaje para todos, combinando el crecimiento profesional y personal en una experiencia \u00fanica y enriquecedora en Brasil.<\/div>[\/vc_column][vc_column width=\u00bb1\/6&#8243;][\/vc_column][\/vc_row][vc_row][vc_column]<div  class=\"swmsc_custom_dividers swmsc_dividers_line_dot text_align_center\" style=\"margin-top:20px;margin-bottom:20px; clear:both;\"><div class=\"swmsc_dividers_dotline_holder\" style=\"max-width:100px;\">\n\t\t\t\t\t\t\t\t\t<span class=\"swmsc_dividers_dotline_line\" style=\"background-color:#444444;\"><\/span>\n\t\t\t\t\t\t\t\t\t<span class=\"swmsc_dividers_dotline_dot\" style=\"background-color:#444444;\"><\/span>\n\t\t\t\t\t\t\t\t\t<div class=\"clear\"><\/div>\n\t\t\t\t\t\t\t\t<\/div><\/div>[\/vc_column][\/vc_row][vc_row][vc_column width=\u00bb1\/6&#8243;][\/vc_column][vc_column width=\u00bb2\/6&#8243;]<div  class=\"clear swmsc_gap\" style=\"margin:80px 0 0 0;\"><\/div><div  class=\"swmsc_text_block\" > \n<h2 style=\"text-align: right;\">La Experiencia de las Tres Hermanas Belgas<\/h2>\n<p style=\"text-align: right;\">Este mes tambi\u00e9n recibimos a tres hermanas de B\u00e9lgica, Leyla, Jade e Iris, que eligieron Eco Caminhos como punto de partida para una inmersi\u00f3n de dos semanas durante sus vacaciones de un mes por Brasil. Durante su estancia, participaron en las actividades de agroforester\u00eda, aprendieron t\u00e9cnicas de bioconstrucci\u00f3n, contribuyeron en distintas \u00e1reas de la granja, disfrutaron de las noches sociales y se integraron completamente en la rutina de la comunidad. Su experiencia refleja el poder transformador del voluntariado y el ecoturismo, adem\u00e1s de las conexiones profundas que nacen cuando personas de diferentes culturas viven de forma consciente y sostenible.<\/p>\n<\/div>[\/vc_column][vc_column width=\u00bb2\/6&#8243;]<div  class=\"clear swmsc_gap\" style=\"margin:30px 0 0 0;\"><\/div><div class=\"center\"><div  class=\"swmsc_image_lightbox  image_center\" >\n\n\t\t\t\t\t\t<div class=\"swmsc_image_lightbox_img\"><img decoding=\"async\" alt=\"Tres hermanas belgas despu\u00e9s de un d\u00eda de trabajo en la obra ecol\u00f3gica de Ecolibrium\" src=\"https:\/\/ecocaminhos.com\/wp-content\/uploads\/2025\/11\/Imagem-do-WhatsApp-de-2025-11-03-as-15.02.03_e26c6881-e1762350341372.jpg\" class=\"\" style=\"border-radius:5px;\" title=\"\"><div class=\"swmsc_img_overlay\" style=\"border-radius:5px;\">\n\t\t\t\t\t\t\t\t\t\t\t\t<a class=\"swmsc_popup_img\" href=\"#\" title=\"Hermanas belgas despu\u00e9s del trabajo en el proyecto Ecolibrium\" target=\"_self\" >\n\t\t\t\t\t\t\t\t\t\t\t\t\t<i class=\"fa fa-search\"><\/i>\n\t\t\t\t\t\t\t\t\t\t\t\t<\/a>\n\t\t\t\t\t\t\t\t\t\t\t<\/div><\/div><\/div><\/div>[\/vc_column][vc_column width=\u00bb1\/6&#8243;][\/vc_column][\/vc_row][vc_row][vc_column]<div  class=\"swmsc_custom_dividers swmsc_dividers_line_dot text_align_center\" style=\"margin-top:20px;margin-bottom:20px; clear:both;\"><div class=\"swmsc_dividers_dotline_holder\" style=\"max-width:100px;\">\n\t\t\t\t\t\t\t\t\t<span class=\"swmsc_dividers_dotline_line\" style=\"background-color:#444444;\"><\/span>\n\t\t\t\t\t\t\t\t\t<span class=\"swmsc_dividers_dotline_dot\" style=\"background-color:#444444;\"><\/span>\n\t\t\t\t\t\t\t\t\t<div class=\"clear\"><\/div>\n\t\t\t\t\t\t\t\t<\/div><\/div><div  class=\"clear swmsc_gap\" style=\"margin:30px 0 0 0;\"><\/div><div  class=\"swmsc_text_block\" > \n<h2 style=\"text-align: center;\">1\u00ba Open Day Eco Caminhos &#8211; 25\/10\/2025<\/h2>\n<p style=\"text-align: center;\">El 25 de octubre, Eco Caminhos abri\u00f3 sus puertas a la comunidad de Nova Friburgo con su primer Open Day, ofreciendo actividades pr\u00e1cticas de bioconstrucci\u00f3n, experiencias en agroforester\u00eda y un recorrido completo por la granja para todos los interesados en conocer m\u00e1s sobre nuestro trabajo.\u00a0El evento permiti\u00f3 a los visitantes experimentar el aprendizaje pr\u00e1ctico, descubrir pr\u00e1cticas sostenibles e interactuar con nuestra comunidad internacional.\u00a0Nuestro primer Open Day reafirm\u00f3 el papel de la granja como un centro de educaci\u00f3n ambiental, ecoturismo y sostenibilidad, conectando a las personas con la naturaleza y entre s\u00ed.<\/p>\n<\/div>[\/vc_column][\/vc_row][vc_row][vc_column width=\u00bb2\/5&#8243;]<div class=\"center\"><div  class=\"swmsc_image_lightbox  image_center\" >\n\n\t\t\t\t\t\t<div class=\"swmsc_image_lightbox_img\"><img decoding=\"async\" alt=\"Ni\u00f1os participando en actividades de bioconstrucci\u00f3n durante el evento de Eco Caminhos\" src=\"https:\/\/ecocaminhos.com\/wp-content\/uploads\/2025\/11\/Imagem-do-WhatsApp-de-2025-11-03-as-15.01.25_92e9bbe3.jpg\" class=\"\" style=\"border-radius:5px;\" title=\"\"><div class=\"swmsc_img_overlay\" style=\"border-radius:5px;\">\n\t\t\t\t\t\t\t\t\t\t\t\t<a class=\"swmsc_popup_img\" href=\"#\" title=\"Ni\u00f1os en actividades de bioconstrucci\u00f3n en el evento de Eco Caminhos\" target=\"_self\" >\n\t\t\t\t\t\t\t\t\t\t\t\t\t<i class=\"fa fa-search\"><\/i>\n\t\t\t\t\t\t\t\t\t\t\t\t<\/a>\n\t\t\t\t\t\t\t\t\t\t\t<\/div><\/div><\/div><\/div>[\/vc_column][vc_column width=\u00bb3\/5&#8243;]<div  class=\"clear swmsc_gap\" style=\"margin:30px 0 0 0;\"><\/div><div class=\"center\"><div  class=\"swmsc_image_lightbox  image_center\" >\n\n\t\t\t\t\t\t<div class=\"swmsc_image_lightbox_img\"><img decoding=\"async\" alt=\"Charla sobre permacultura, agroforester\u00eda y bioconstrucci\u00f3n con Bart en Eco Caminhos\" src=\"https:\/\/ecocaminhos.com\/wp-content\/uploads\/2025\/11\/Imagem-do-WhatsApp-de-2025-11-03-as-15.01.26_cf9496e7.jpg\" class=\"\" style=\"border-radius:5px;\" title=\"\"><div class=\"swmsc_img_overlay\" style=\"border-radius:5px;\">\n\t\t\t\t\t\t\t\t\t\t\t\t<a class=\"swmsc_popup_img\" href=\"#\" title=\"Charla de Bart sobre permacultura y bioconstrucci\u00f3n\" target=\"_self\" >\n\t\t\t\t\t\t\t\t\t\t\t\t\t<i class=\"fa fa-search\"><\/i>\n\t\t\t\t\t\t\t\t\t\t\t\t<\/a>\n\t\t\t\t\t\t\t\t\t\t\t<\/div><\/div><\/div><\/div>[\/vc_column][\/vc_row][vc_row][vc_column]<div  class=\"swmsc_custom_dividers swmsc_dividers_line_dot text_align_center\" style=\"margin-top:20px;margin-bottom:20px; clear:both;\"><div class=\"swmsc_dividers_dotline_holder\" style=\"max-width:100px;\">\n\t\t\t\t\t\t\t\t\t<span class=\"swmsc_dividers_dotline_line\" style=\"background-color:#444444;\"><\/span>\n\t\t\t\t\t\t\t\t\t<span class=\"swmsc_dividers_dotline_dot\" style=\"background-color:#444444;\"><\/span>\n\t\t\t\t\t\t\t\t\t<div class=\"clear\"><\/div>\n\t\t\t\t\t\t\t\t<\/div><\/div><div  class=\"clear swmsc_gap\" style=\"margin:30px 0 0 0;\"><\/div><div  class=\"swmsc_text_block\" > \n<h2 style=\"text-align: center;\">Reflexiones sobre Octubre<\/h2>\n<p style=\"text-align: center;\">Este mes en Eco Caminhos nos record\u00f3 que la sostenibilidad comienza con las personas.\u00a0A trav\u00e9s del voluntariado, el intercambio cultural y los proyectos pr\u00e1cticos en permacultura, agroforester\u00eda y bioconstrucci\u00f3n, seguimos construyendo una comunidad internacional de aprendizaje y colaboraci\u00f3n en el coraz\u00f3n del Bosque Atl\u00e1ntico, en Nova Friburgo, R\u00edo de Janeiro. Cada voluntario, visitante y participante contribuye a una misi\u00f3n compartida: fomentar una vida consciente, crear conexiones significativas y crecer juntos en armon\u00eda con la naturaleza.<\/p>\n<\/div>[\/vc_column][\/vc_row][vc_row][vc_column]<div  class=\"swmsc_custom_dividers swmsc_dividers_line_dot text_align_center\" style=\"margin-top:20px;margin-bottom:20px; clear:both;\"><div class=\"swmsc_dividers_dotline_holder\" style=\"max-width:100px;\">\n\t\t\t\t\t\t\t\t\t<span class=\"swmsc_dividers_dotline_line\" style=\"background-color:#444444;\"><\/span>\n\t\t\t\t\t\t\t\t\t<span class=\"swmsc_dividers_dotline_dot\" style=\"background-color:#444444;\"><\/span>\n\t\t\t\t\t\t\t\t\t<div class=\"clear\"><\/div>\n\t\t\t\t\t\t\t\t<\/div><\/div><div  class=\"swmsc_text_block\" > \n<h2 style=\"text-align: center;\" data-start=\"1864\" data-end=\"1903\"><strong data-start=\"1864\" data-end=\"1901\">Descubre M\u00e1s y Mantente Conectado<\/strong><\/h2>\n<p style=\"text-align: center;\" data-start=\"1905\" data-end=\"2004\">\u00bfQuieres seguir aprendiendo y viviendo la experiencia Eco Caminhos? Descubre estas oportunidades:<\/p>\n<\/div>[\/vc_column][\/vc_row][vc_row][vc_column width=\u00bb1\/2&#8243;]<div  class=\"swmsc_text_block\" > \n<p style=\"text-align: center;\"><strong>Nuestros programas:<\/strong><\/p>\n<p style=\"text-align: center;\"><strong>Prueba nuestras experiencias de ecoturismo (de 1 d\u00eda a 1 semana): <span style=\"color: #339966;\"><a class=\"decorated-link\" style=\"color: #339966;\" href=\"https:\/\/ecocaminhos.com\/sp\/ecoturismo-en-brasil-vacaciones-familiares\/\" target=\"_new\" rel=\"noopener\" data-start=\"2105\" data-end=\"2185\">Saber m\u00e1s<\/a> <\/span><\/strong><\/p>\n<p style=\"text-align: center;\"><strong>\u00danete a nuestro programa de voluntariado (a partir de 1 semana) que incluye comida, alojamiento, capacitaci\u00f3n y excursiones: <span style=\"color: #339966;\"><a class=\"decorated-link\" style=\"color: #339966;\" href=\"https:\/\/ecocaminhos.com\/sp\/voluntariado-de-corto-plazo\/\" target=\"_new\" rel=\"noopener\" data-start=\"2316\" data-end=\"2384\">Saber m\u00e1s<\/a><\/span><\/strong><\/p>\n<\/div>[\/vc_column][vc_column width=\u00bb1\/2&#8243;]<div  class=\"clear swmsc_gap\" style=\"margin:10px 0 0 0;\"><\/div><div  class=\"swmsc_text_block\" > \n<p style=\"text-align: center;\" data-start=\"2390\" data-end=\"2473\"><strong>Suscr\u00edbete a nuestro newsletter: <span style=\"color: #339966;\"><a class=\"decorated-link\" style=\"color: #339966;\" href=\"https:\/\/newsletter.ecocaminhos.com\/novedades-ecocaminhos\" rel=\"noopener\" data-start=\"2427\" data-end=\"2471\">Recibe noticias y contenidos exclusivos<\/a><\/span><\/strong><\/p>\n<p style=\"text-align: center;\" data-start=\"2476\" data-end=\"2522\"><strong>S\u00edguenos en Instagram: <span style=\"color: #339966;\"><a class=\"decorated-link\" style=\"color: #339966;\" href=\"https:\/\/www.instagram.com\/ecocaminhos\/\" rel=\"noopener\" data-start=\"2503\" data-end=\"2520\" target=\"_blank\">@ecocaminhos<\/a><\/span><\/strong><\/p>\n<p style=\"text-align: center;\" data-start=\"2525\" data-end=\"2598\"><strong>Suscr\u00edbete a nuestro canal de YouTube: <span style=\"color: #339966;\"><a class=\"decorated-link\" style=\"color: #339966;\" href=\"https:\/\/www.youtube.com\/@ecocaminhosfarm?sub_confirmation=1\" rel=\"noopener\" data-start=\"2568\" data-end=\"2596\" target=\"_blank\">Mira videos e historias<\/a><\/span><\/strong><\/p>\n<\/div>[\/vc_column][\/vc_row]\n<\/div>","protected":false},"excerpt":{"rendered":"<p>Octubre estuvo lleno de energ\u00eda en Eco Caminhos: nuevos voluntarios, profesores holandeses, pasantes belgas y nuestro primer Open Day mostraron nuestro compromiso con la vida sostenible.<\/p>\n","protected":false},"author":39,"featured_media":29212,"comment_status":"closed","ping_status":"open","sticky":false,"template":"","format":"standard","meta":{"footnotes":"","_links_to":"","_links_to_target":""},"categories":[398,295,297,296],"tags":[],"class_list":["post-29173","post","type-post","status-publish","format-standard","has-post-thumbnail","hentry","category-eco-turismo","category-education","category-tourism","category-volunteering"],"jetpack_featured_media_url":"https:\/\/ecocaminhos.com\/wp-content\/uploads\/2025\/11\/20251025_141712-1-scaled-e1762352158585.jpg","rttpg_featured_image_url":{"full":["https:\/\/ecocaminhos.com\/wp-content\/uploads\/2025\/11\/20251025_141712-1-scaled-e1762352158585.jpg",1280,960,false],"landscape":["https:\/\/ecocaminhos.com\/wp-content\/uploads\/2025\/11\/20251025_141712-1-scaled-e1762352158585.jpg",1280,960,false],"portraits":["https:\/\/ecocaminhos.com\/wp-content\/uploads\/2025\/11\/20251025_141712-1-scaled-e1762352158585.jpg",1280,960,false],"thumbnail":["https:\/\/ecocaminhos.com\/wp-content\/uploads\/2025\/11\/20251025_141712-1-150x150.jpg",150,150,true],"medium":["https:\/\/ecocaminhos.com\/wp-content\/uploads\/2025\/11\/20251025_141712-1-300x225.jpg",300,225,true],"large":["https:\/\/ecocaminhos.com\/wp-content\/uploads\/2025\/11\/20251025_141712-1-1024x768.jpg",1024,768,true],"1536x1536":["https:\/\/ecocaminhos.com\/wp-content\/uploads\/2025\/11\/20251025_141712-1-1536x1152.jpg",1536,1152,true],"2048x2048":["https:\/\/ecocaminhos.com\/wp-content\/uploads\/2025\/11\/20251025_141712-1-2048x1536.jpg",2048,1536,true],"classic-grid-listing":["https:\/\/ecocaminhos.com\/wp-content\/uploads\/2025\/11\/20251025_141712-1-scaled-e1762352158585.jpg",600,450,false],"classic-list-listing":["https:\/\/ecocaminhos.com\/wp-content\/uploads\/2025\/11\/20251025_141712-1-scaled-e1762352158585.jpg",213,160,false],"modern-grid-listing":["https:\/\/ecocaminhos.com\/wp-content\/uploads\/2025\/11\/20251025_141712-1-scaled-e1762352158585.jpg",512,384,false],"product-page-image":["https:\/\/ecocaminhos.com\/wp-content\/uploads\/2025\/11\/20251025_141712-1-scaled-e1762352158585.jpg",600,450,false],"product-category-page-image":["https:\/\/ecocaminhos.com\/wp-content\/uploads\/2025\/11\/20251025_141712-1-scaled-e1762352158585.jpg",600,450,false],"swmsc-related-posts":["https:\/\/ecocaminhos.com\/wp-content\/uploads\/2025\/11\/20251025_141712-1-500x344.jpg",500,344,true],"swmsc-recent-post-tiny":["https:\/\/ecocaminhos.com\/wp-content\/uploads\/2025\/11\/20251025_141712-1-90x90.jpg",90,90,true],"swmsc-grid-image":["https:\/\/ecocaminhos.com\/wp-content\/uploads\/2025\/11\/20251025_141712-1-670x460.jpg",670,460,true],"swmsc-square-image":["https:\/\/ecocaminhos.com\/wp-content\/uploads\/2025\/11\/20251025_141712-1-670x670.jpg",670,670,true],"swmsc-blog-featured":["https:\/\/ecocaminhos.com\/wp-content\/uploads\/2025\/11\/20251025_141712-1-850x520.jpg",850,520,true],"woocommerce_thumbnail":["https:\/\/ecocaminhos.com\/wp-content\/uploads\/2025\/11\/20251025_141712-1-150x150.jpg",150,150,true],"woocommerce_single":["https:\/\/ecocaminhos.com\/wp-content\/uploads\/2025\/11\/20251025_141712-1-300x225.jpg",300,225,true],"woocommerce_gallery_thumbnail":["https:\/\/ecocaminhos.com\/wp-content\/uploads\/2025\/11\/20251025_141712-1-100x100.jpg",100,100,true],"ecoworld-blog-featured":["https:\/\/ecocaminhos.com\/wp-content\/uploads\/2025\/11\/20251025_141712-1-850x520.jpg",850,520,true],"ecoworld-blog-full":["https:\/\/ecocaminhos.com\/wp-content\/uploads\/2025\/11\/20251025_141712-1-1440x520.jpg",1440,520,true],"ecoworld-related-posts":["https:\/\/ecocaminhos.com\/wp-content\/uploads\/2025\/11\/20251025_141712-1-500x344.jpg",500,344,true],"ecoworld-recent-post-tiny":["https:\/\/ecocaminhos.com\/wp-content\/uploads\/2025\/11\/20251025_141712-1-90x90.jpg",90,90,true],"ecoworld-grid-image":["https:\/\/ecocaminhos.com\/wp-content\/uploads\/2025\/11\/20251025_141712-1-670x460.jpg",670,460,true],"ecoworld-standard":["https:\/\/ecocaminhos.com\/wp-content\/uploads\/2025\/11\/20251025_141712-1-670x3468.jpg",670,3468,true],"ecoworld-square-image":["https:\/\/ecocaminhos.com\/wp-content\/uploads\/2025\/11\/20251025_141712-1-670x670.jpg",670,670,true]},"rttpg_author":{"display_name":"Jonathan Belarmino","author_link":"https:\/\/ecocaminhos.com\/sp\/blog\/author\/jonathan-mbelarmino\/"},"rttpg_comment":0,"rttpg_category":"<a href=\"https:\/\/ecocaminhos.com\/sp\/blog\/category\/eco-turismo\/\" rel=\"category tag\">Eco Turismo<\/a> <a href=\"https:\/\/ecocaminhos.com\/sp\/blog\/category\/education\/\" rel=\"category tag\">Educaci\u00f3n<\/a> <a href=\"https:\/\/ecocaminhos.com\/sp\/blog\/category\/tourism\/\" rel=\"category tag\">Turismo<\/a> <a href=\"https:\/\/ecocaminhos.com\/sp\/blog\/category\/volunteering\/\" rel=\"category tag\">Voluntariado<\/a>","rttpg_excerpt":"Octubre estuvo lleno de energ\u00eda en Eco Caminhos: nuevos voluntarios, profesores holandeses, pasantes belgas y nuestro primer Open Day mostraron nuestro compromiso con la vida sostenible.","post_mailing_queue_ids":[],"_links":{"self":[{"href":"https:\/\/ecocaminhos.com\/sp\/wp-json\/wp\/v2\/posts\/29173","targetHints":{"allow":["GET"]}}],"collection":[{"href":"https:\/\/ecocaminhos.com\/sp\/wp-json\/wp\/v2\/posts"}],"about":[{"href":"https:\/\/ecocaminhos.com\/sp\/wp-json\/wp\/v2\/types\/post"}],"author":[{"embeddable":true,"href":"https:\/\/ecocaminhos.com\/sp\/wp-json\/wp\/v2\/users\/39"}],"replies":[{"embeddable":true,"href":"https:\/\/ecocaminhos.com\/sp\/wp-json\/wp\/v2\/comments?post=29173"}],"version-history":[{"count":39,"href":"https:\/\/ecocaminhos.com\/sp\/wp-json\/wp\/v2\/posts\/29173\/revisions"}],"predecessor-version":[{"id":29512,"href":"https:\/\/ecocaminhos.com\/sp\/wp-json\/wp\/v2\/posts\/29173\/revisions\/29512"}],"wp:featuredmedia":[{"embeddable":true,"href":"https:\/\/ecocaminhos.com\/sp\/wp-json\/wp\/v2\/media\/29212"}],"wp:attachment":[{"href":"https:\/\/ecocaminhos.com\/sp\/wp-json\/wp\/v2\/media?parent=29173"}],"wp:term":[{"taxonomy":"category","embeddable":true,"href":"https:\/\/ecocaminhos.com\/sp\/wp-json\/wp\/v2\/categories?post=29173"},{"taxonomy":"post_tag","embeddable":true,"href":"https:\/\/ecocaminhos.com\/sp\/wp-json\/wp\/v2\/tags?post=29173"}],"curies":[{"name":"wp","href":"https:\/\/api.w.org\/{rel}","templated":true}]}}