{"id":30502,"date":"2026-04-06T13:36:21","date_gmt":"2026-04-06T16:36:21","guid":{"rendered":"https:\/\/ecocaminhos.com\/?p=30502"},"modified":"2026-04-08T11:36:27","modified_gmt":"2026-04-08T14:36:27","slug":"march-2026-highlights-visibility-new-paths-and-great-achievements","status":"publish","type":"post","link":"https:\/\/ecocaminhos.com\/sp\/blog\/destacados-de-marzo-de-2026-visibilidad-nuevos-caminos-y-grandes-logros\/","title":{"rendered":"DESTACADOS DE MARZO DE 2026 \u2013 VISIBILIDAD, NUEVOS CAMINOS Y GRANDES LOGROS"},"content":{"rendered":"<div class=\"wpb-content-wrapper\">[vc_row][vc_column]<div  class=\"clear swmsc_gap\" style=\"margin:50px 0 0 0;\"><\/div><div  class=\"swmsc_text_block\" > \n<blockquote>\n<section class=\"text-token-text-primary w-full focus:outline-none [--shadow-height:45px] has-data-writing-block:pointer-events-none has-data-writing-block:-mt-(--shadow-height) has-data-writing-block:pt-(--shadow-height) [&amp;:has([data-writing-block])&gt;*]:pointer-events-auto scroll-mt-(--header-height)\" dir=\"auto\" data-turn-id=\"1ede4972-f4de-4ee7-9570-fc6ac0734ad6\" data-testid=\"conversation-turn-9\" data-scroll-anchor=\"false\" data-turn=\"user\"><\/section>\n<section class=\"text-token-text-primary w-full focus:outline-none [--shadow-height:45px] has-data-writing-block:pointer-events-none has-data-writing-block:-mt-(--shadow-height) has-data-writing-block:pt-(--shadow-height) [&amp;:has([data-writing-block])&gt;*]:pointer-events-auto scroll-mt-[calc(var(--header-height)+min(200px,max(70px,20svh)))]\" dir=\"auto\" data-turn-id=\"request-WEB:a1417a23-f9a9-4ec2-b53b-d7c94fc91a29-4\" data-testid=\"conversation-turn-10\" data-scroll-anchor=\"true\" data-turn=\"assistant\">\n<div class=\"text-base my-auto mx-auto pb-10 [--thread-content-margin:var(--thread-content-margin-xs,calc(var(--spacing)*4))] @w-sm\/main:[--thread-content-margin:var(--thread-content-margin-sm,calc(var(--spacing)*6))] @w-lg\/main:[--thread-content-margin:var(--thread-content-margin-lg,calc(var(--spacing)*16))] px-(--thread-content-margin)\">\n<div class=\"[--thread-content-max-width:40rem] @w-lg\/main:[--thread-content-max-width:48rem] mx-auto max-w-(--thread-content-max-width) flex-1 group\/turn-messages focus-visible:outline-hidden relative flex w-full min-w-0 flex-col agent-turn\">\n<div class=\"flex max-w-full flex-col gap-4 grow\">\n<div class=\"min-h-8 text-message relative flex w-full flex-col items-end gap-2 text-start break-words whitespace-normal outline-none keyboard-focused:focus-ring [.text-message+&amp;]:mt-1\" dir=\"auto\" tabindex=\"0\" data-message-author-role=\"assistant\" data-message-id=\"b82243f4-a229-4b45-a1e8-2cfe6d7a9cc7\" data-message-model-slug=\"gpt-5-3\" data-turn-start-message=\"true\">\n<div class=\"flex w-full flex-col gap-1 empty:hidden\">\n<div class=\"markdown prose dark:prose-invert w-full wrap-break-word light markdown-new-styling\">\n<p style=\"text-align: center;\" data-start=\"0\" data-end=\"31\">Querida comunidad Eco Caminhos,<\/p>\n<p style=\"text-align: center;\" data-start=\"33\" data-end=\"302\" data-is-last-node=\"\" data-is-only-node=\"\">Marzo fue un mes de conexiones significativas, nuevas alianzas y aprendizaje pr\u00e1ctico en Eco Caminhos. Desde colaboraciones internacionales hasta celebraciones comunitarias y nuevos caminos en la finca, fue un per\u00edodo de crecimiento, alegr\u00eda y experiencias compartidas.<\/p>\n<\/div>\n<\/div>\n<\/div>\n<\/div>\n<\/div>\n<\/div>\n<\/section>\n<\/blockquote>\n<\/div><div  class=\"clear swmsc_gap\" style=\"margin:20px 0 0 0;\"><\/div><div  class=\"swmsc_custom_dividers swmsc_dividers_line_dot text_align_center\" style=\"margin-top:20px;margin-bottom:20px; clear:both;\"><div class=\"swmsc_dividers_dotline_holder\" style=\"max-width:80px;\">\n\t\t\t\t\t\t\t\t\t<span class=\"swmsc_dividers_dotline_line\" style=\"background-color:#444444;\"><\/span>\n\t\t\t\t\t\t\t\t\t<span class=\"swmsc_dividers_dotline_dot\" style=\"background-color:#444444;\"><\/span>\n\t\t\t\t\t\t\t\t\t<div class=\"clear\"><\/div>\n\t\t\t\t\t\t\t\t<\/div><\/div><div  class=\"clear swmsc_gap\" style=\"margin:50px 0 0 0;\"><\/div>[\/vc_column][\/vc_row][vc_row][vc_column width=\u00bb3\/5&#8243;]<div  class=\"clear swmsc_gap\" style=\"margin:20px 0 0 0;\"><\/div><div  class=\"swmsc_text_block\" > \n<h2 style=\"text-align: center;\"><b>Visita de FUNIMA a Nuestra Finca Ecol\u00f3gica y Entrevista con Bart<\/b><\/h2>\n<p><span style=\"font-weight: 400;\">El mes pasado, recibimos una visita especial de FUNIMA INTERNATIONAL ETS, una ONG italiana que trabaja para combatir la pobreza y los desaf\u00edos ambientales, con un enfoque particular en los j\u00f3venes y las comunidades vulnerables, promoviendo tambi\u00e9n la sostenibilidad y la inclusi\u00f3n.<\/span><\/p>\n<p><span style=\"font-weight: 400;\">Durante dos d\u00edas, participaron en nuestras actividades y conocieron de cerca nuestra finca de permacultura en Brasil, nuestros sistemas de agroforester\u00eda y pr\u00e1cticas sostenibles. Al final de la visita, quedaron encantados con la finca y con la forma en que la permacultura se aplica en Eco Caminhos.<\/span><\/p>\n<p><span style=\"font-weight: 400;\">Adem\u00e1s, invitaron a nuestro fundador, Bart, a una entrevista (que ser\u00e1 publicada pr\u00f3ximamente) y actualmente estamos explorando oportunidades para futuras colaboraciones.<\/span><\/div><div  class=\"clear swmsc_gap\" style=\"margin:100px 0 0 0;\"><\/div><div  class=\"swmsc_image_lightbox  image_left\" >\n\n\t\t\t\t\t\t<div class=\"swmsc_image_lightbox_img\"><img decoding=\"async\" alt=\"\" src=\"https:\/\/ecocaminhos.com\/wp-content\/uploads\/2026\/04\/funima-1.png\" class=\"\" style=\"border-radius:5px;\" title=\"\"><div class=\"swmsc_img_overlay\" style=\"border-radius:5px;\">\n\t\t\t\t\t\t\t\t\t\t\t\t<a class=\"swmsc_popup_img\" href=\"#\" title=\"\" target=\"_self\" >\n\t\t\t\t\t\t\t\t\t\t\t\t\t<i class=\"fa fa-search\"><\/i>\n\t\t\t\t\t\t\t\t\t\t\t\t<\/a>\n\t\t\t\t\t\t\t\t\t\t\t<\/div><\/div><\/div>[\/vc_column][vc_column width=\u00bb2\/5&#8243;]<div  class=\"swmsc_image_lightbox  image_left\" >\n\n\t\t\t\t\t\t<div class=\"swmsc_image_lightbox_img\"><img decoding=\"async\" alt=\"\" src=\"https:\/\/ecocaminhos.com\/wp-content\/uploads\/2026\/04\/WhatsApp-Image-2026-04-06-at-08.42.16-2-e1775645194304.jpeg\" class=\"\" style=\"border-radius:5px;\" title=\"\"><div class=\"swmsc_img_overlay\" style=\"border-radius:5px;\">\n\t\t\t\t\t\t\t\t\t\t\t\t<a class=\"swmsc_popup_img\" href=\"#\" title=\"\" target=\"_self\" >\n\t\t\t\t\t\t\t\t\t\t\t\t\t<i class=\"fa fa-search\"><\/i>\n\t\t\t\t\t\t\t\t\t\t\t\t<\/a>\n\t\t\t\t\t\t\t\t\t\t\t<\/div><\/div><\/div>[\/vc_column][\/vc_row][vc_row][vc_column]<div  class=\"clear swmsc_gap\" style=\"margin:30px 0 0 0;\"><\/div><div  class=\"swmsc_custom_dividers swmsc_dividers_line_dot text_align_center\" style=\"margin-top:20px;margin-bottom:20px; clear:both;\"><div class=\"swmsc_dividers_dotline_holder\" style=\"max-width:80px;\">\n\t\t\t\t\t\t\t\t\t<span class=\"swmsc_dividers_dotline_line\" style=\"background-color:#444444;\"><\/span>\n\t\t\t\t\t\t\t\t\t<span class=\"swmsc_dividers_dotline_dot\" style=\"background-color:#444444;\"><\/span>\n\t\t\t\t\t\t\t\t\t<div class=\"clear\"><\/div>\n\t\t\t\t\t\t\t\t<\/div><\/div><div  class=\"clear swmsc_gap\" style=\"margin:30px 0 0 0;\"><\/div><div  class=\"swmsc_text_block\" > \n<h2 style=\"text-align: center;\"><b>Iniciativa Sostenible Internacional en Nuestra Finca de Permacultura<\/b><\/h2>\n<p><span style=\"font-weight: 400;\">En marzo, tambi\u00e9n tuvimos la alegr\u00eda de participar en una iniciativa internacional de reforestaci\u00f3n. En colaboraci\u00f3n con Planting on Demand, una organizaci\u00f3n no gubernamental de los Pa\u00edses Bajos, y 1 Click Impact, plantamos 100 \u00e1rboles frutales, contribuyendo tanto a la restauraci\u00f3n ambiental como a la sostenibilidad local.<\/span><\/p>\n<p><span style=\"font-weight: 400;\">Como parte de esta colaboraci\u00f3n, realizamos una transmisi\u00f3n en vivo en la que Bart present\u00f3 el trabajo de Eco Caminhos y demostr\u00f3 el proceso de plantaci\u00f3n en nuestro sistema de agroforester\u00eda. Esto incluy\u00f3 t\u00e9cnicas de preparaci\u00f3n del suelo, el uso de troncos de banano para nutrir la tierra y otras pr\u00e1cticas sostenibles.<\/span><\/div><div  class=\"clear swmsc_gap\" style=\"margin:30px 0 0 0;\"><\/div>[\/vc_column][\/vc_row][vc_row][vc_column width=\u00bb1\/3&#8243;]<div  class=\"swmsc_image_lightbox  image_left  #pod\" >\n\n\t\t\t\t\t\t<div class=\"swmsc_image_lightbox_img\"><img decoding=\"async\" alt=\"\" src=\"https:\/\/ecocaminhos.com\/wp-content\/uploads\/2026\/04\/Ana-pod-1-e1775496778611.png\" class=\"\" style=\"border-radius:5px;\" title=\"\"><div class=\"swmsc_img_overlay\" style=\"border-radius:5px;\">\n\t\t\t\t\t\t\t\t\t\t\t\t<a class=\"swmsc_popup_img\" href=\"#\" title=\"\" target=\"_self\" >\n\t\t\t\t\t\t\t\t\t\t\t\t\t<i class=\"fa fa-search\"><\/i>\n\t\t\t\t\t\t\t\t\t\t\t\t<\/a>\n\t\t\t\t\t\t\t\t\t\t\t<\/div><\/div><\/div>[\/vc_column][vc_column width=\u00bb1\/3&#8243;]<div  class=\"swmsc_image_lightbox  image_left  #pod\" >\n\n\t\t\t\t\t\t<div class=\"swmsc_image_lightbox_img\"><img decoding=\"async\" alt=\"\" src=\"https:\/\/ecocaminhos.com\/wp-content\/uploads\/2026\/04\/Bart-pod-e1775499886155.png\" class=\"\" style=\"border-radius:5px;\" title=\"\"><div class=\"swmsc_img_overlay\" style=\"border-radius:5px;\">\n\t\t\t\t\t\t\t\t\t\t\t\t<a class=\"swmsc_popup_img\" href=\"#\" title=\"\" target=\"_self\" >\n\t\t\t\t\t\t\t\t\t\t\t\t\t<i class=\"fa fa-search\"><\/i>\n\t\t\t\t\t\t\t\t\t\t\t\t<\/a>\n\t\t\t\t\t\t\t\t\t\t\t<\/div><\/div><\/div>[\/vc_column][vc_column width=\u00bb1\/3&#8243;]<div  class=\"swmsc_image_lightbox  image_left  #pod\" >\n\n\t\t\t\t\t\t<div class=\"swmsc_image_lightbox_img\"><img decoding=\"async\" alt=\"\" src=\"https:\/\/ecocaminhos.com\/wp-content\/uploads\/2026\/04\/jonathan-pod-e1775496851472.png\" class=\"\" style=\"border-radius:5px;\" title=\"\"><div class=\"swmsc_img_overlay\" style=\"border-radius:5px;\">\n\t\t\t\t\t\t\t\t\t\t\t\t<a class=\"swmsc_popup_img\" href=\"#\" title=\"\" target=\"_self\" >\n\t\t\t\t\t\t\t\t\t\t\t\t\t<i class=\"fa fa-search\"><\/i>\n\t\t\t\t\t\t\t\t\t\t\t\t<\/a>\n\t\t\t\t\t\t\t\t\t\t\t<\/div><\/div><\/div>[\/vc_column][\/vc_row][vc_row][vc_column]<div  class=\"clear swmsc_gap\" style=\"margin:30px 0 0 0;\"><\/div><div  class=\"swmsc_custom_dividers swmsc_dividers_line_dot text_align_center\" style=\"margin-top:20px;margin-bottom:20px; clear:both;\"><div class=\"swmsc_dividers_dotline_holder\" style=\"max-width:80px;\">\n\t\t\t\t\t\t\t\t\t<span class=\"swmsc_dividers_dotline_line\" style=\"background-color:#444444;\"><\/span>\n\t\t\t\t\t\t\t\t\t<span class=\"swmsc_dividers_dotline_dot\" style=\"background-color:#444444;\"><\/span>\n\t\t\t\t\t\t\t\t\t<div class=\"clear\"><\/div>\n\t\t\t\t\t\t\t\t<\/div><\/div><div  class=\"swmsc_text_block\" > \n<h2 style=\"text-align: center;\"><b>Voluntario de Nuestro Programa de Investigaci\u00f3n Inaugura Sendero en Nuestra Eco Finca<\/b><\/h2>\n<\/div><div  class=\"clear swmsc_gap\" style=\"margin:30px 0 0 0;\"><\/div><div class=\"center\"><div  class=\"swmsc_image_lightbox  image_center\" >\n\n\t\t\t\t\t\t<div class=\"swmsc_image_lightbox_img\"><img decoding=\"async\" alt=\"\" src=\"https:\/\/ecocaminhos.com\/wp-content\/uploads\/2026\/04\/rens-trail-2-1.png\" class=\"\" style=\"border-radius:5px;\" title=\"\"><div class=\"swmsc_img_overlay\" style=\"border-radius:5px;\">\n\t\t\t\t\t\t\t\t\t\t\t\t<a class=\"swmsc_popup_img\" href=\"#\" title=\"\" target=\"_self\" >\n\t\t\t\t\t\t\t\t\t\t\t\t\t<i class=\"fa fa-search\"><\/i>\n\t\t\t\t\t\t\t\t\t\t\t\t<\/a>\n\t\t\t\t\t\t\t\t\t\t\t<\/div><\/div><\/div><\/div><div  class=\"clear swmsc_gap\" style=\"margin:30px 0 0 0;\"><\/div>[\/vc_column][\/vc_row][vc_row][vc_column width=\u00bb1\/2&#8243;]<div  class=\"swmsc_image_lightbox  image_left\" >\n\n\t\t\t\t\t\t<div class=\"swmsc_image_lightbox_img\"><img decoding=\"async\" alt=\"\" src=\"https:\/\/ecocaminhos.com\/wp-content\/uploads\/2026\/04\/Rens-Trail-e1775500271989.png\" class=\"\" style=\"border-radius:5px;\" title=\"\"><div class=\"swmsc_img_overlay\" style=\"border-radius:5px;\">\n\t\t\t\t\t\t\t\t\t\t\t\t<a class=\"swmsc_popup_img\" href=\"#\" title=\"\" target=\"_self\" >\n\t\t\t\t\t\t\t\t\t\t\t\t\t<i class=\"fa fa-search\"><\/i>\n\t\t\t\t\t\t\t\t\t\t\t\t<\/a>\n\t\t\t\t\t\t\t\t\t\t\t<\/div><\/div><\/div>[\/vc_column][vc_column width=\u00bb1\/2&#8243;]<div  class=\"clear swmsc_gap\" style=\"margin:50px 0 0 0;\"><\/div><div  class=\"swmsc_text_block\" > \n<p><span style=\"font-weight: 400;\">Marzo cerr\u00f3 el verano y abri\u00f3 nuevos caminos.<\/span><\/p>\n<p><span style=\"font-weight: 400;\">Un voluntario de los Pa\u00edses Bajos, Rens Zijderveld, que se uni\u00f3 a nuestro Programa de Investigaci\u00f3n, necesitaba acceder a un \u00e1rea junto a Ecolibrium para sus estudios. As\u00ed, con la ayuda de una pareja de voluntarios ingleses (Bryn y Eleanor), decidi\u00f3 abrir un sendero para facilitar el acceso.<\/span><\/p>\n<p><span style=\"font-weight: 400;\">Este sendero conecta el SAF 5 con Ecolibrium, pasando por una zona cubierta de bosque atl\u00e1ntico primario.<\/span><\/p>\n<p><span style=\"font-weight: 400;\">\u00a1Y la inauguraci\u00f3n fue un \u00e9xito! Sin duda, dej\u00f3 su huella aqu\u00ed en Eco Caminhos.<\/span><\/div>[\/vc_column][\/vc_row][vc_row][vc_column]<div  class=\"clear swmsc_gap\" style=\"margin:50px 0 0 0;\"><\/div><div  class=\"swmsc_custom_dividers swmsc_dividers_line_dot text_align_center\" style=\"margin-top:20px;margin-bottom:20px; clear:both;\"><div class=\"swmsc_dividers_dotline_holder\" style=\"max-width:80px;\">\n\t\t\t\t\t\t\t\t\t<span class=\"swmsc_dividers_dotline_line\" style=\"background-color:#444444;\"><\/span>\n\t\t\t\t\t\t\t\t\t<span class=\"swmsc_dividers_dotline_dot\" style=\"background-color:#444444;\"><\/span>\n\t\t\t\t\t\t\t\t\t<div class=\"clear\"><\/div>\n\t\t\t\t\t\t\t\t<\/div><\/div><div  class=\"clear swmsc_gap\" style=\"margin:30px 0 0 0;\"><\/div><div  class=\"swmsc_text_block\" > \n<h2 style=\"text-align: center;\"><b>Voluntarios celebran sus cumplea\u00f1os en nuestra eco finca en Brasil<\/b><\/h2>\n<\/div><div  class=\"clear swmsc_gap\" style=\"margin:30px 0 0 0;\"><\/div>[\/vc_column][\/vc_row][vc_row][vc_column width=\u00bb1\/2&#8243;]<div  class=\"swmsc_text_block\" > \n<h2 style=\"text-align: center;\"><\/h2>\n<p><span style=\"font-weight: 400;\">\u00a1Este fue un mes lleno de celebraciones en nuestra eco finca!<\/span><\/p>\n<p><span style=\"font-weight: 400;\">Celebramos los cumplea\u00f1os de Hellen, Rodrigo y Vanessa con mucho karaoke, comida deliciosa, juegos y s\u00faper buen ambiente. Fue un momento muy especial de conexi\u00f3n, alegr\u00eda y de compartir entre todos.<\/span><\/p>\n<p><span style=\"font-weight: 400;\">Desde Eco Caminhos les deseamos mucho \u00e9xito, felicidad y muchos logros. \u00a1Que sus caminos est\u00e9n cada d\u00eda m\u00e1s iluminados! <\/span><\/div><div  class=\"clear swmsc_gap\" style=\"margin:80px 0 0 0;\"><\/div><div  class=\"swmsc_image_lightbox  image_left\" >\n\n\t\t\t\t\t\t<div class=\"swmsc_image_lightbox_img\"><img decoding=\"async\" alt=\"\" src=\"https:\/\/ecocaminhos.com\/wp-content\/uploads\/2026\/04\/WhatsApp-Image-2026-04-03-at-15.54.25-1.jpeg\" class=\"\" style=\"border-radius:5px;\" title=\"\"><div class=\"swmsc_img_overlay\" style=\"border-radius:5px;\">\n\t\t\t\t\t\t\t\t\t\t\t\t<a class=\"swmsc_popup_img\" href=\"#\" title=\"\" target=\"_self\" >\n\t\t\t\t\t\t\t\t\t\t\t\t\t<i class=\"fa fa-search\"><\/i>\n\t\t\t\t\t\t\t\t\t\t\t\t<\/a>\n\t\t\t\t\t\t\t\t\t\t\t<\/div><\/div><\/div>[\/vc_column][vc_column width=\u00bb1\/2&#8243;]<div  class=\"swmsc_image_lightbox  image_left\" >\n\n\t\t\t\t\t\t<div class=\"swmsc_image_lightbox_img\"><img decoding=\"async\" alt=\"\" src=\"https:\/\/ecocaminhos.com\/wp-content\/uploads\/2026\/04\/WhatsApp-Image-2026-04-06-at-11.23.48-scaled.jpeg\" class=\"\" style=\"border-radius:5px;\" title=\"\"><div class=\"swmsc_img_overlay\" style=\"border-radius:5px;\">\n\t\t\t\t\t\t\t\t\t\t\t\t<a class=\"swmsc_popup_img\" href=\"#\" title=\"\" target=\"_self\" >\n\t\t\t\t\t\t\t\t\t\t\t\t\t<i class=\"fa fa-search\"><\/i>\n\t\t\t\t\t\t\t\t\t\t\t\t<\/a>\n\t\t\t\t\t\t\t\t\t\t\t<\/div><\/div><\/div>[\/vc_column][\/vc_row][vc_row][vc_column]<div  class=\"clear swmsc_gap\" style=\"margin:30px 0 0 0;\"><\/div><div  class=\"swmsc_custom_dividers swmsc_dividers_line_dot text_align_center\" style=\"margin-top:20px;margin-bottom:20px; clear:both;\"><div class=\"swmsc_dividers_dotline_holder\" style=\"max-width:80px;\">\n\t\t\t\t\t\t\t\t\t<span class=\"swmsc_dividers_dotline_line\" style=\"background-color:#444444;\"><\/span>\n\t\t\t\t\t\t\t\t\t<span class=\"swmsc_dividers_dotline_dot\" style=\"background-color:#444444;\"><\/span>\n\t\t\t\t\t\t\t\t\t<div class=\"clear\"><\/div>\n\t\t\t\t\t\t\t\t<\/div><\/div><div  class=\"clear swmsc_gap\" style=\"margin:50px 0 0 0;\"><\/div>[\/vc_column][\/vc_row][vc_row][vc_column width=\u00bb1\/2&#8243;]<div  class=\"clear swmsc_gap\" style=\"margin:20px 0 0 0;\"><\/div><div  class=\"swmsc_text_block\" > \n<h2 style=\"text-align: right;\"><b>De la finca a la mesa: sostenibilidad: Taller de pastel de pamonha<\/b><\/h2>\n<p style=\"text-align: right;\"><span style=\"font-weight: 400;\">Tuvimos un delicioso taller de pastel de pamonha, donde Hellen nos ense\u00f1\u00f3 cada paso del proceso, desde la preparaci\u00f3n del ma\u00edz fresco hasta la receta final.<\/span><\/p>\n<p style=\"text-align: right;\"><span style=\"font-weight: 400;\">La experiencia fue ligera y divertida, llena de intercambio, risas y, por supuesto, sabores incre\u00edbles. \u00a1Incluso tuvimos una mini clase de baile durante la preparaci\u00f3n! Al final, todos pudieron disfrutar del resultado y llevarse un poco de este conocimiento tradicional consigo.<\/span><\/p>\n<\/div>[\/vc_column][vc_column width=\u00bb1\/2&#8243;]<div  class=\"swmsc_image_lightbox  image_left\" >\n\n\t\t\t\t\t\t<div class=\"swmsc_image_lightbox_img\"><img decoding=\"async\" alt=\"\" src=\"https:\/\/ecocaminhos.com\/wp-content\/uploads\/2026\/04\/pamonha-cake-e1775502202780.png\" class=\"\" style=\"border-radius:5px;\" title=\"\"><div class=\"swmsc_img_overlay\" style=\"border-radius:5px;\">\n\t\t\t\t\t\t\t\t\t\t\t\t<a class=\"swmsc_popup_img\" href=\"#\" title=\"\" target=\"_self\" >\n\t\t\t\t\t\t\t\t\t\t\t\t\t<i class=\"fa fa-search\"><\/i>\n\t\t\t\t\t\t\t\t\t\t\t\t<\/a>\n\t\t\t\t\t\t\t\t\t\t\t<\/div><\/div><\/div>[\/vc_column][\/vc_row][vc_row][vc_column]<div  class=\"clear swmsc_gap\" style=\"margin:20px 0 0 0;\"><\/div><div  class=\"swmsc_custom_dividers swmsc_dividers_line_dot text_align_center\" style=\"margin-top:20px;margin-bottom:20px; clear:both;\"><div class=\"swmsc_dividers_dotline_holder\" style=\"max-width:80px;\">\n\t\t\t\t\t\t\t\t\t<span class=\"swmsc_dividers_dotline_line\" style=\"background-color:#444444;\"><\/span>\n\t\t\t\t\t\t\t\t\t<span class=\"swmsc_dividers_dotline_dot\" style=\"background-color:#444444;\"><\/span>\n\t\t\t\t\t\t\t\t\t<div class=\"clear\"><\/div>\n\t\t\t\t\t\t\t\t<\/div><\/div><div  class=\"clear swmsc_gap\" style=\"margin:30px 0 0 0;\"><\/div><div  class=\"swmsc_text_block\" > \n<section class=\"text-token-text-primary w-full focus:outline-none [--shadow-height:45px] has-data-writing-block:pointer-events-none has-data-writing-block:-mt-(--shadow-height) has-data-writing-block:pt-(--shadow-height) [&amp;:has([data-writing-block])&gt;*]:pointer-events-auto scroll-mt-(--header-height)\" dir=\"auto\" data-turn-id=\"5f448692-0cb8-45e7-9822-ff3894491512\" data-testid=\"conversation-turn-13\" data-scroll-anchor=\"false\" data-turn=\"user\"><\/section>\n<section class=\"text-token-text-primary w-full focus:outline-none [--shadow-height:45px] has-data-writing-block:pointer-events-none has-data-writing-block:-mt-(--shadow-height) has-data-writing-block:pt-(--shadow-height) [&amp;:has([data-writing-block])&gt;*]:pointer-events-auto scroll-mt-[calc(var(--header-height)+min(200px,max(70px,20svh)))]\" dir=\"auto\" data-turn-id=\"request-WEB:a1417a23-f9a9-4ec2-b53b-d7c94fc91a29-6\" data-testid=\"conversation-turn-14\" data-scroll-anchor=\"true\" data-turn=\"assistant\">\n<div class=\"text-base my-auto mx-auto pb-10 [--thread-content-margin:var(--thread-content-margin-xs,calc(var(--spacing)*4))] @w-sm\/main:[--thread-content-margin:var(--thread-content-margin-sm,calc(var(--spacing)*6))] @w-lg\/main:[--thread-content-margin:var(--thread-content-margin-lg,calc(var(--spacing)*16))] px-(--thread-content-margin)\">\n<div class=\"[--thread-content-max-width:40rem] @w-lg\/main:[--thread-content-max-width:48rem] mx-auto max-w-(--thread-content-max-width) flex-1 group\/turn-messages focus-visible:outline-hidden relative flex w-full min-w-0 flex-col agent-turn\">\n<div class=\"flex max-w-full flex-col gap-4 grow\">\n<div class=\"min-h-8 text-message relative flex w-full flex-col items-end gap-2 text-start break-words whitespace-normal outline-none keyboard-focused:focus-ring [.text-message+&amp;]:mt-1\" dir=\"auto\" tabindex=\"0\" data-message-author-role=\"assistant\" data-message-id=\"d7e8bc5f-3089-460b-a54d-45a0df99cba9\" data-message-model-slug=\"gpt-5-3\" data-turn-start-message=\"true\">\n<div class=\"flex w-full flex-col gap-1 empty:hidden\">\n<div class=\"markdown prose dark:prose-invert w-full wrap-break-word light markdown-new-styling\">\n<p style=\"text-align: center;\" data-start=\"0\" data-end=\"53\">Cerramos marzo sinti\u00e9ndonos agradecidos y realizados.<\/p>\n<p style=\"text-align: center;\" data-start=\"55\" data-end=\"185\" data-is-last-node=\"\" data-is-only-node=\"\">Con nuevas experiencias, m\u00e1s visibilidad y logros importantes, fue un mes de expandir horizontes, conectar y abrir nuevos caminos.<\/p>\n<\/div>\n<\/div>\n<\/div>\n<\/div>\n<\/div>\n<\/div>\n<\/section>\n<\/div><div  class=\"clear swmsc_gap\" style=\"margin:30px 0 0 0;\"><\/div><div  class=\"swmsc_custom_dividers swmsc_dividers_line_dot text_align_center\" style=\"margin-top:20px;margin-bottom:20px; clear:both;\"><div class=\"swmsc_dividers_dotline_holder\" style=\"max-width:80px;\">\n\t\t\t\t\t\t\t\t\t<span class=\"swmsc_dividers_dotline_line\" style=\"background-color:#444444;\"><\/span>\n\t\t\t\t\t\t\t\t\t<span class=\"swmsc_dividers_dotline_dot\" style=\"background-color:#444444;\"><\/span>\n\t\t\t\t\t\t\t\t\t<div class=\"clear\"><\/div>\n\t\t\t\t\t\t\t\t<\/div><\/div>[\/vc_column][\/vc_row][vc_row][vc_column width=\u00bb1\/2&#8243;]<div  class=\"swmsc_text_block\" > \n<p style=\"text-align: center;\"><em><strong>Descubre nuestros programas:<\/strong><\/em><\/p>\n<ul>\n<li style=\"text-align: left;\"><strong>Prueba nuestras experiencias de ecoturismo (de 1 d\u00eda a 1 semana): <a title=\"M\u00e1s informaci\u00f3n\" href=\"https:\/\/ecocaminhos.com\/sp\/ecoturismo-en-brasil-vacaciones-familiares\/\"><span style=\"color: #339966;\">M\u00e1s informaci\u00f3n<\/span><\/a><\/strong><\/li>\n<li style=\"text-align: left;\"><strong>\u00danete a nuestro programa de voluntariado (a partir de 1 semana), con comidas, alojamiento, formaci\u00f3n y excursiones incluidas: <span style=\"color: #339966;\"><a class=\"decorated-link\" style=\"color: #339966;\" href=\"https:\/\/ecocaminhos.com\/sp\/voluntariado-de-corto-plazo\/\" data-start=\"710\" data-end=\"779\">M\u00e1s informaci\u00f3n<\/a><\/span><\/strong><\/li>\n<\/ul>\n<\/div>[\/vc_column][vc_column width=\u00bb1\/2&#8243;]<div  class=\"clear swmsc_gap\" style=\"margin:50px 0 0 0;\"><\/div><div  class=\"swmsc_text_block\" > \n<ul>\n<li style=\"text-align: left;\" data-start=\"785\" data-end=\"858\"><strong>Suscr\u00edbete a nuestro bolet\u00edn: <a title=\"Fique por dentro das \u00faltimas not\u00edcias\" href=\"https:\/\/ecocaminhos.com\/br\/application-form\/\"><span style=\"color: #339966;\">Stay updated with our latest news<\/span><\/a><\/strong><\/li>\n<li style=\"text-align: left;\" data-start=\"861\" data-end=\"908\"><strong>S\u00edguenos en Instagram: <span style=\"color: #339966;\"><a class=\"decorated-link\" style=\"color: #339966;\" href=\"https:\/\/www.instagram.com\/ecocaminhos\/\" rel=\"noopener\" data-start=\"889\" data-end=\"906\" target=\"_blank\">@ecocaminhos<\/a><\/span><\/strong><\/li>\n<li style=\"text-align: left;\" data-start=\"911\" data-end=\"980\"><strong>Suscr\u00edbete a canal de Youtube: <span style=\"color: #339966;\"><a class=\"decorated-link\" style=\"color: #339966;\" href=\"https:\/\/www.youtube.com\/@ecocaminhosfarm?sub_confirmation=1\" data-start=\"949\" data-end=\"978\" target=\"_blank\" rel=\"noopener\">Mira los videos y las historias<\/a><\/span><\/strong><\/li>\n<\/ul>\n<\/div>[\/vc_column][\/vc_row]\n<\/div>","protected":false},"excerpt":{"rendered":"<p>Mira las novedades de marzo: nuevas rutas, visitas de ONG, participaci\u00f3n en proyectos internacionales \u00a1y mucho m\u00e1s!<\/p>\n","protected":false},"author":44,"featured_media":30586,"comment_status":"closed","ping_status":"open","sticky":false,"template":"","format":"standard","meta":{"footnotes":"","_links_to":"","_links_to_target":""},"categories":[1],"tags":[],"class_list":["post-30502","post","type-post","status-publish","format-standard","has-post-thumbnail","hentry","category-uncategorized"],"jetpack_featured_media_url":"https:\/\/ecocaminhos.com\/wp-content\/uploads\/2026\/04\/Rens-trail-foto-final.png","rttpg_featured_image_url":{"full":["https:\/\/ecocaminhos.com\/wp-content\/uploads\/2026\/04\/Rens-trail-foto-final.png",932,691,false],"landscape":["https:\/\/ecocaminhos.com\/wp-content\/uploads\/2026\/04\/Rens-trail-foto-final.png",932,691,false],"portraits":["https:\/\/ecocaminhos.com\/wp-content\/uploads\/2026\/04\/Rens-trail-foto-final.png",932,691,false],"thumbnail":["https:\/\/ecocaminhos.com\/wp-content\/uploads\/2026\/04\/Rens-trail-foto-final-150x150.png",150,150,true],"medium":["https:\/\/ecocaminhos.com\/wp-content\/uploads\/2026\/04\/Rens-trail-foto-final-300x222.png",300,222,true],"large":["https:\/\/ecocaminhos.com\/wp-content\/uploads\/2026\/04\/Rens-trail-foto-final.png",932,691,false],"1536x1536":["https:\/\/ecocaminhos.com\/wp-content\/uploads\/2026\/04\/Rens-trail-foto-final.png",932,691,false],"2048x2048":["https:\/\/ecocaminhos.com\/wp-content\/uploads\/2026\/04\/Rens-trail-foto-final.png",932,691,false],"classic-grid-listing":["https:\/\/ecocaminhos.com\/wp-content\/uploads\/2026\/04\/Rens-trail-foto-final-600x445.png",600,445,true],"classic-list-listing":["https:\/\/ecocaminhos.com\/wp-content\/uploads\/2026\/04\/Rens-trail-foto-final-216x160.png",216,160,true],"modern-grid-listing":["https:\/\/ecocaminhos.com\/wp-content\/uploads\/2026\/04\/Rens-trail-foto-final-600x384.png",600,384,true],"product-page-image":["https:\/\/ecocaminhos.com\/wp-content\/uploads\/2026\/04\/Rens-trail-foto-final-600x445.png",600,445,true],"product-category-page-image":["https:\/\/ecocaminhos.com\/wp-content\/uploads\/2026\/04\/Rens-trail-foto-final-600x445.png",600,445,true],"swmsc-related-posts":["https:\/\/ecocaminhos.com\/wp-content\/uploads\/2026\/04\/Rens-trail-foto-final-500x344.png",500,344,true],"swmsc-recent-post-tiny":["https:\/\/ecocaminhos.com\/wp-content\/uploads\/2026\/04\/Rens-trail-foto-final-90x90.png",90,90,true],"swmsc-grid-image":["https:\/\/ecocaminhos.com\/wp-content\/uploads\/2026\/04\/Rens-trail-foto-final-670x460.png",670,460,true],"swmsc-square-image":["https:\/\/ecocaminhos.com\/wp-content\/uploads\/2026\/04\/Rens-trail-foto-final-670x670.png",670,670,true],"swmsc-blog-featured":["https:\/\/ecocaminhos.com\/wp-content\/uploads\/2026\/04\/Rens-trail-foto-final-850x520.png",850,520,true],"woocommerce_thumbnail":["https:\/\/ecocaminhos.com\/wp-content\/uploads\/2026\/04\/Rens-trail-foto-final-150x150.png",150,150,true],"woocommerce_single":["https:\/\/ecocaminhos.com\/wp-content\/uploads\/2026\/04\/Rens-trail-foto-final-300x222.png",300,222,true],"woocommerce_gallery_thumbnail":["https:\/\/ecocaminhos.com\/wp-content\/uploads\/2026\/04\/Rens-trail-foto-final-100x100.png",100,100,true],"ecoworld-blog-featured":["https:\/\/ecocaminhos.com\/wp-content\/uploads\/2026\/04\/Rens-trail-foto-final-850x520.png",850,520,true],"ecoworld-blog-full":["https:\/\/ecocaminhos.com\/wp-content\/uploads\/2026\/04\/Rens-trail-foto-final-932x520.png",932,520,true],"ecoworld-related-posts":["https:\/\/ecocaminhos.com\/wp-content\/uploads\/2026\/04\/Rens-trail-foto-final-500x344.png",500,344,true],"ecoworld-recent-post-tiny":["https:\/\/ecocaminhos.com\/wp-content\/uploads\/2026\/04\/Rens-trail-foto-final-90x90.png",90,90,true],"ecoworld-grid-image":["https:\/\/ecocaminhos.com\/wp-content\/uploads\/2026\/04\/Rens-trail-foto-final-670x460.png",670,460,true],"ecoworld-standard":["https:\/\/ecocaminhos.com\/wp-content\/uploads\/2026\/04\/Rens-trail-foto-final-670x691.png",670,691,true],"ecoworld-square-image":["https:\/\/ecocaminhos.com\/wp-content\/uploads\/2026\/04\/Rens-trail-foto-final-670x670.png",670,670,true]},"rttpg_author":{"display_name":"Camila Prado","author_link":"https:\/\/ecocaminhos.com\/sp\/blog\/author\/camilaprado\/"},"rttpg_comment":0,"rttpg_category":"<a href=\"https:\/\/ecocaminhos.com\/sp\/blog\/category\/uncategorized\/\" rel=\"category tag\">Uncategorized<\/a>","rttpg_excerpt":"Mira las novedades de marzo: nuevas rutas, visitas de ONG, participaci\u00f3n en proyectos internacionales \u00a1y mucho m\u00e1s!","post_mailing_queue_ids":[],"_links":{"self":[{"href":"https:\/\/ecocaminhos.com\/sp\/wp-json\/wp\/v2\/posts\/30502","targetHints":{"allow":["GET"]}}],"collection":[{"href":"https:\/\/ecocaminhos.com\/sp\/wp-json\/wp\/v2\/posts"}],"about":[{"href":"https:\/\/ecocaminhos.com\/sp\/wp-json\/wp\/v2\/types\/post"}],"author":[{"embeddable":true,"href":"https:\/\/ecocaminhos.com\/sp\/wp-json\/wp\/v2\/users\/44"}],"replies":[{"embeddable":true,"href":"https:\/\/ecocaminhos.com\/sp\/wp-json\/wp\/v2\/comments?post=30502"}],"version-history":[{"count":69,"href":"https:\/\/ecocaminhos.com\/sp\/wp-json\/wp\/v2\/posts\/30502\/revisions"}],"predecessor-version":[{"id":30604,"href":"https:\/\/ecocaminhos.com\/sp\/wp-json\/wp\/v2\/posts\/30502\/revisions\/30604"}],"wp:featuredmedia":[{"embeddable":true,"href":"https:\/\/ecocaminhos.com\/sp\/wp-json\/wp\/v2\/media\/30586"}],"wp:attachment":[{"href":"https:\/\/ecocaminhos.com\/sp\/wp-json\/wp\/v2\/media?parent=30502"}],"wp:term":[{"taxonomy":"category","embeddable":true,"href":"https:\/\/ecocaminhos.com\/sp\/wp-json\/wp\/v2\/categories?post=30502"},{"taxonomy":"post_tag","embeddable":true,"href":"https:\/\/ecocaminhos.com\/sp\/wp-json\/wp\/v2\/tags?post=30502"}],"curies":[{"name":"wp","href":"https:\/\/api.w.org\/{rel}","templated":true}]}}