{"id":5001,"date":"2018-09-06T15:49:17","date_gmt":"2018-09-06T18:49:17","guid":{"rendered":"http:\/\/ecocaminhos.com\/?p=5001"},"modified":"2021-03-11T10:56:58","modified_gmt":"2021-03-11T13:56:58","slug":"interview-maria-found-much-more-than-she-expected-in-her-experience-as-short-term-volunteer-in-brazil","status":"publish","type":"post","link":"https:\/\/ecocaminhos.com\/sp\/blog\/entrevista-maria-encontro-mucho-mas-de-lo-que-esperaba-durante-su-experiencia-como-voluntaria-a-corto-plazo\/","title":{"rendered":"Entrevista | Maria encontr\u00f3 mucho mas de lo que esperaba durante su experiencia como voluntaria a corto plazo"},"content":{"rendered":"<h2><span style=\"color: #008000;\">Maria encontr\u00f3 mucho mas de lo que esperaba durante su experiencia como voluntaria a corto plazo<\/span><\/h2>\n<p>Maria-Cena decidi\u00f3 viajar a Brasil para distanciarse de su rutina en Pa\u00edses Bajos, ella escogi\u00f3 que en <span style=\"color: #ff6600;\"><a style=\"color: #ff6600;\" href=\"https:\/\/ecocaminhos.com\/sp\/\">Eco Caminhos<\/a><\/span> tendr\u00eda la nueva experiencia de vida que estaba buscando. Ella buscaba que como <a href=\"https:\/\/ecocaminhos.com\/short-term-volunteering\/\"><span style=\"color: #ff6600;\">voluntaria de curto-prazo<\/span><\/a> encontrar\u00eda un lugar tranquilo, con hermosos paisajes y personas de mentalidad parecidas a la de ella. En esta entrevista para nuestra pagina Maria nos comparte un poco de su experiencia aqu\u00ed.<\/p>\n<p><a class=\"single-popup-image\" href=\"https:\/\/ecocaminhos.com\/wp-content\/uploads\/2018\/09\/Entrevista-Maria-encontr\u00f3-mucho-mas-de-lo-que-esperaba-durante-su-experiencia-como-voluntaria-a-corto-plazo-5-1.jpg\"><img loading=\"lazy\" decoding=\"async\" class=\"alignleft size-full wp-image-5027\" src=\"https:\/\/ecocaminhos.com\/wp-content\/uploads\/2018\/09\/Entrevista-Maria-encontr\u00f3-mucho-mas-de-lo-que-esperaba-durante-su-experiencia-como-voluntaria-a-corto-plazo-5-1.jpg\" alt=\"\" width=\"1280\" height=\"720\" title=\"\" srcset=\"https:\/\/ecocaminhos.com\/wp-content\/uploads\/2018\/09\/Entrevista-Maria-encontr\u00f3-mucho-mas-de-lo-que-esperaba-durante-su-experiencia-como-voluntaria-a-corto-plazo-5-1.jpg 1280w, https:\/\/ecocaminhos.com\/wp-content\/uploads\/2018\/09\/Entrevista-Maria-encontr\u00f3-mucho-mas-de-lo-que-esperaba-durante-su-experiencia-como-voluntaria-a-corto-plazo-5-1-300x169.jpg 300w, https:\/\/ecocaminhos.com\/wp-content\/uploads\/2018\/09\/Entrevista-Maria-encontr\u00f3-mucho-mas-de-lo-que-esperaba-durante-su-experiencia-como-voluntaria-a-corto-plazo-5-1-768x432.jpg 768w, https:\/\/ecocaminhos.com\/wp-content\/uploads\/2018\/09\/Entrevista-Maria-encontr\u00f3-mucho-mas-de-lo-que-esperaba-durante-su-experiencia-como-voluntaria-a-corto-plazo-5-1-1024x576.jpg 1024w\" sizes=\"auto, (max-width: 1280px) 100vw, 1280px\" \/><\/a><\/p>\n<h3>\u00bfCuales eran tus expectativas antes de llegar a Eco Caminhos como voluntaria?<\/h3>\n<p>Realmente no ten\u00eda expectativas particulares sobre nada, pero si tenia un sue\u00f1o. Mi sue\u00f1o era distanciarme de mi vida en <a href=\"https:\/\/www.holland.com\/es\/turista\/informacion\/paises-bajos-vs.-holanda.htm\" target=\"_blank\" rel=\"noopener\"><span style=\"color: #ff6600;\">Pa\u00edses Bajos<\/span><\/a> para poder encontrar la tranquilidad, el silencio y la naturaleza para poder re-evaluar mi vida. Adem\u00e1s de esto estaba emocionada por trabajar en el proyecto, trabajo totalmente f\u00edsico en lugar de trabajo mental.<\/p>\n<h3>\u00bfPor que motivo escogiste nuestro proyecto en lugar de cualquier otro?<\/h3>\n<p>Ya conoc\u00eda personalmente a Bart (fundador y director de Eco Caminhos) en Pa\u00edses Bajos y ademas de esto ya escuch\u00e9 historias muy positivas sobre el proyecto de otras personas que participaron en este.<\/p>\n<h3>\u00bfConseguiste lo que esperabas de esta nueva experiencia como voluntaria? \u00bfY que te llevas a casa de lo que viviste aqu\u00ed con nosotros?<\/h3>\n<p>Recib\u00ed mucho mas de lo que estaba esperando. Resulto que me estaba cansando mucho mas de lo que esperaba, antes de venir cre\u00ed que podr\u00eda trabajar mas fuertemente y me preguntaba \u201c\u00bfpor que incluir dias libres en mi rutina semanal? Yo quiero es trabajar y hacer cosas constantemente\u201d pero resulto que realmente necesitaba esos d\u00edas libres. Y ahora agradezco haber tenido tanto tiempo para mi misma, para pensar donde estoy y que necesito. Consegu\u00ed re-conectarme completamente conmigo misma, y es esa re-conexi\u00f3n es lo principal que llevo de regreso conmigo a casa.<\/p>\n<h3>\u00bfD que disfrutaste mas en Eco Caminhos?<\/h3>\n<p>Eso es un poco dif\u00edcil de responder, por que me estas pidiendo que compare muchas cosas positivas unas con otras y que compitan entre si. Hay muchas cosas que me gustaron aqu\u00ed, pero personalmente yo siempre busco silencio y este es muy dif\u00edcil de encontrar en Pa\u00edses Bajos. Me gusto tener la oportunidad de conectarme con el silencio, las monta\u00f1as, la naturaleza y naturaleza muy nueva para m\u00ed, completamente desconocida, conectarme con p\u00e1jaros, plantas y hasta luz desconocida. Literalmente todo aqu\u00ed es muy diferente a como es en mi pa\u00eds, y personalmente yo disfruto mucho de eso.<\/p>\n<p><a class=\"single-popup-image\" href=\"https:\/\/ecocaminhos.com\/wp-content\/uploads\/2018\/09\/Entrevista-Maria-encontr\u00f3-mucho-mas-de-lo-que-esperaba-durante-su-experiencia-como-voluntaria-a-corto-plazo-2.jpg\"><img loading=\"lazy\" decoding=\"async\" class=\"alignleft size-full wp-image-5029\" src=\"https:\/\/ecocaminhos.com\/wp-content\/uploads\/2018\/09\/Entrevista-Maria-encontr\u00f3-mucho-mas-de-lo-que-esperaba-durante-su-experiencia-como-voluntaria-a-corto-plazo-2.jpg\" alt=\"voluntaria\" width=\"1280\" height=\"720\" title=\"\" srcset=\"https:\/\/ecocaminhos.com\/wp-content\/uploads\/2018\/09\/Entrevista-Maria-encontr\u00f3-mucho-mas-de-lo-que-esperaba-durante-su-experiencia-como-voluntaria-a-corto-plazo-2.jpg 1280w, https:\/\/ecocaminhos.com\/wp-content\/uploads\/2018\/09\/Entrevista-Maria-encontr\u00f3-mucho-mas-de-lo-que-esperaba-durante-su-experiencia-como-voluntaria-a-corto-plazo-2-300x169.jpg 300w, https:\/\/ecocaminhos.com\/wp-content\/uploads\/2018\/09\/Entrevista-Maria-encontr\u00f3-mucho-mas-de-lo-que-esperaba-durante-su-experiencia-como-voluntaria-a-corto-plazo-2-768x432.jpg 768w, https:\/\/ecocaminhos.com\/wp-content\/uploads\/2018\/09\/Entrevista-Maria-encontr\u00f3-mucho-mas-de-lo-que-esperaba-durante-su-experiencia-como-voluntaria-a-corto-plazo-2-1024x576.jpg 1024w\" sizes=\"auto, (max-width: 1280px) 100vw, 1280px\" \/><\/a><\/p>\n<h3>\u00bfCrees que esta experiencia como voluntaria de ayudo a mejorar como persona?<\/h3>\n<p>Claro. Despu\u00e9s de mi tiempo aqu\u00ed mi vida sera mas acerca de mi. Eh vivido mi vida en servicio de otros y eh aprendido mucho de eso, ademas lo eh disfrutado tambi\u00e9n, pero yo sabia que en alg\u00fan punto esto ten\u00eda que cambiar. Para mi Eco Caminhos fue el lugar correcto para hacer ese cambio.<\/p>\n<h3>En ocasiones es dif\u00edcil adaptarse a un lugar diferente. \u00bfQue consejo le dar\u00edas a nuestros futuros voluntarios que podr\u00edan tener algunas dificultades?<\/h3>\n<p>Para mi adaptarme fue question de tiempo. Especialmente si vienes de Europa vas a demorar un tiempo en adaptarte al clima y a todo lo que es nuevo. Esto implico tambi\u00e9n un encuentro conmigo misma y para mi eso es muy valioso. Mi concejo seria dejar las cosas fluir y confiar que todo va a estar bien.<\/p>\n<h3>Tu familia va a llegar pronto a Eco Caminhos para visitarte. \u00bfComo te sientes respecto a eso?<\/h3>\n<p>Me siento emocionada por compartir mi experiencia con ellos. Mi hija actualmente esta escribiendo su tesis respecto a sistemas agropecuarios alternativos, as\u00ed que para ella sera muy interesante la <a href=\"https:\/\/ecocaminhos.com\/sp\/hacienda-de-permacultura-en-brasil\/\"><span style=\"color: #ff6600;\">Permacultura<\/span><\/a> y <a href=\"https:\/\/ecocaminhos.com\/sp\/agroforesteria\/\"><span style=\"color: #ff6600;\">Agroforesteria<\/span><\/a> aqu\u00ed ui, as\u00ed como la manera en que la comunidad y el trabajo esta organizado. Mi esposo es un constructor, as\u00ed que con toda seguridad va a querer ver los proyectos de <a href=\"https:\/\/ecocaminhos.com\/sp\/bioconstruccion-construccion-natural-brasil\/\"><span style=\"color: #ff6600;\">bioconstrucci\u00f3n<\/span><\/a> siendo realizados aqu\u00ed. Es muy valioso poder ver que proyectos como Eco Caminhos de echo existen y funcionan, me da esperanza y perspectiva de una nueva manera de vivir.<\/p>\n<h3>\u00bfQue recomiendas para nuevos voluntarios de Eco Caminhos?<\/h3>\n<p>Mi primera recomendaci\u00f3n seria: \u201chazlo\u201d y tal vez \u201cqu\u00e9date m\u00e1s tiempo\u201d. Yo estoy aqu\u00ed 6 semanas hasta ahora, y ya me siento mas adaptada e integrada que en las primeras semanas, es una pena que tengo que salir ahora que me estoy conectando realmente al proyecto.<\/p>\n<p><a class=\"single-popup-image\" href=\"https:\/\/ecocaminhos.com\/wp-content\/uploads\/2018\/09\/Entrevista-Maria-encontr\u00f3-mucho-mas-de-lo-que-esperaba-durante-su-experiencia-como-voluntaria-a-corto-plazo-1.jpg\"><img loading=\"lazy\" decoding=\"async\" class=\"alignleft size-full wp-image-5028\" src=\"https:\/\/ecocaminhos.com\/wp-content\/uploads\/2018\/09\/Entrevista-Maria-encontr\u00f3-mucho-mas-de-lo-que-esperaba-durante-su-experiencia-como-voluntaria-a-corto-plazo-1.jpg\" alt=\"voluntaria\" width=\"1280\" height=\"720\" title=\"\" srcset=\"https:\/\/ecocaminhos.com\/wp-content\/uploads\/2018\/09\/Entrevista-Maria-encontr\u00f3-mucho-mas-de-lo-que-esperaba-durante-su-experiencia-como-voluntaria-a-corto-plazo-1.jpg 1280w, https:\/\/ecocaminhos.com\/wp-content\/uploads\/2018\/09\/Entrevista-Maria-encontr\u00f3-mucho-mas-de-lo-que-esperaba-durante-su-experiencia-como-voluntaria-a-corto-plazo-1-300x169.jpg 300w, https:\/\/ecocaminhos.com\/wp-content\/uploads\/2018\/09\/Entrevista-Maria-encontr\u00f3-mucho-mas-de-lo-que-esperaba-durante-su-experiencia-como-voluntaria-a-corto-plazo-1-768x432.jpg 768w, https:\/\/ecocaminhos.com\/wp-content\/uploads\/2018\/09\/Entrevista-Maria-encontr\u00f3-mucho-mas-de-lo-que-esperaba-durante-su-experiencia-como-voluntaria-a-corto-plazo-1-1024x576.jpg 1024w\" sizes=\"auto, (max-width: 1280px) 100vw, 1280px\" \/><\/a><\/p>\n<h3>\u00bfQue es lo que mas resaltar\u00edas de Eco Caminhos?<\/h3>\n<p>Las personas que conforman este proyecto, aqu\u00ed encontr\u00e9 hospitalidad verdadera, inter\u00e9s e integridad, y despu\u00e9s contraste todo esto con momentos de trabajar en silencio en la huerta y el gallinero. Hacer trabajos simples pero con una atenci\u00f3n profunda. Sentir que estaba aqu\u00ed por mi, aun si el trabajo que hice aqu\u00ed era parte del proyecto, pero lo hice por mi misma, estos fueron momentos de oro absolutamente. El d\u00eda que hicimos el arco de piedra para el gallinero realmente resalt\u00f3 tambi\u00e9n. Nos divertimos mucho haci\u00e9ndolo y lo completamos al terminar el d\u00eda, saber que va a permanecer ah\u00ed, imaginar las gallinas caminando a travez de este, me hace sentir que de alguna manera deje mi firma en este lugar. Y no podemos olvidarnos de mencionar la comida. Todos los d\u00edas la comida al almuerzo era saludable y deliciosa, y durante las noches de voluntarios la comida era a\u00fan m\u00e1s impresionante. Algo que merece ser resaltado absolutamente es ver a todo el equipo dando lo mejor de si para preparar y compartir algo de comer especial en estas noches. De echo para mi es de es esto que se trata todo este proyecto; hacer algo especial y compartirlo.<\/p>\n<p><a href=\"https:\/\/ecocaminhos.com\/sp\/oportunidades-de-voluntariado\/\"><span style=\"color: #ff6600;\">Se interessou pelo projeto? Seia tambi\u00e9n un voluntario.<\/span><\/a><\/p>\n<p>Lea tambi\u00e9n:<\/p>\n<h3><span style=\"color: #ff6600;\"><a style=\"color: #ff6600;\" href=\"https:\/\/ecocaminhos.com\/sp\/tanja-voluntaria-de-dinamarca-en-brasil\/\">Entrevista con Tanja voluntaria de Dinamarca en Brasil.<\/a><\/span><\/h3>\n<p>&nbsp;","protected":false},"excerpt":{"rendered":"<p>Maria encontr\u00f3 mucho mas de lo que esperaba durante su experiencia como voluntaria a corto plazo Maria-Cena decidi\u00f3 viajar a Brasil para distanciarse de su rutina en Pa\u00edses Bajos, ella [&hellip;]<\/p>\n","protected":false},"author":4,"featured_media":5029,"comment_status":"open","ping_status":"open","sticky":false,"template":"","format":"standard","meta":{"footnotes":"","_links_to":"","_links_to_target":""},"categories":[293,296],"tags":[],"class_list":["post-5001","post","type-post","status-publish","format-standard","has-post-thumbnail","hentry","category-testimonial","category-volunteering"],"jetpack_featured_media_url":"https:\/\/ecocaminhos.com\/wp-content\/uploads\/2018\/09\/Entrevista-Maria-encontr\u00f3-mucho-mas-de-lo-que-esperaba-durante-su-experiencia-como-voluntaria-a-corto-plazo-2.jpg","rttpg_featured_image_url":{"full":["https:\/\/ecocaminhos.com\/wp-content\/uploads\/2018\/09\/Entrevista-Maria-encontr\u00f3-mucho-mas-de-lo-que-esperaba-durante-su-experiencia-como-voluntaria-a-corto-plazo-2.jpg",1280,720,false],"landscape":["https:\/\/ecocaminhos.com\/wp-content\/uploads\/2018\/09\/Entrevista-Maria-encontr\u00f3-mucho-mas-de-lo-que-esperaba-durante-su-experiencia-como-voluntaria-a-corto-plazo-2.jpg",1280,720,false],"portraits":["https:\/\/ecocaminhos.com\/wp-content\/uploads\/2018\/09\/Entrevista-Maria-encontr\u00f3-mucho-mas-de-lo-que-esperaba-durante-su-experiencia-como-voluntaria-a-corto-plazo-2.jpg",1280,720,false],"thumbnail":["https:\/\/ecocaminhos.com\/wp-content\/uploads\/2018\/09\/Entrevista-Maria-encontr\u00f3-mucho-mas-de-lo-que-esperaba-durante-su-experiencia-como-voluntaria-a-corto-plazo-2-150x150.jpg",150,150,true],"medium":["https:\/\/ecocaminhos.com\/wp-content\/uploads\/2018\/09\/Entrevista-Maria-encontr\u00f3-mucho-mas-de-lo-que-esperaba-durante-su-experiencia-como-voluntaria-a-corto-plazo-2-300x169.jpg",300,169,true],"large":["https:\/\/ecocaminhos.com\/wp-content\/uploads\/2018\/09\/Entrevista-Maria-encontr\u00f3-mucho-mas-de-lo-que-esperaba-durante-su-experiencia-como-voluntaria-a-corto-plazo-2-1024x576.jpg",1024,576,true],"1536x1536":["https:\/\/ecocaminhos.com\/wp-content\/uploads\/2018\/09\/Entrevista-Maria-encontr\u00f3-mucho-mas-de-lo-que-esperaba-durante-su-experiencia-como-voluntaria-a-corto-plazo-2.jpg",1280,720,false],"2048x2048":["https:\/\/ecocaminhos.com\/wp-content\/uploads\/2018\/09\/Entrevista-Maria-encontr\u00f3-mucho-mas-de-lo-que-esperaba-durante-su-experiencia-como-voluntaria-a-corto-plazo-2.jpg",1280,720,false],"classic-grid-listing":["https:\/\/ecocaminhos.com\/wp-content\/uploads\/2018\/09\/Entrevista-Maria-encontr\u00f3-mucho-mas-de-lo-que-esperaba-durante-su-experiencia-como-voluntaria-a-corto-plazo-2.jpg",600,338,false],"classic-list-listing":["https:\/\/ecocaminhos.com\/wp-content\/uploads\/2018\/09\/Entrevista-Maria-encontr\u00f3-mucho-mas-de-lo-que-esperaba-durante-su-experiencia-como-voluntaria-a-corto-plazo-2.jpg",280,158,false],"modern-grid-listing":["https:\/\/ecocaminhos.com\/wp-content\/uploads\/2018\/09\/Entrevista-Maria-encontr\u00f3-mucho-mas-de-lo-que-esperaba-durante-su-experiencia-como-voluntaria-a-corto-plazo-2.jpg",600,338,false],"product-page-image":["https:\/\/ecocaminhos.com\/wp-content\/uploads\/2018\/09\/Entrevista-Maria-encontr\u00f3-mucho-mas-de-lo-que-esperaba-durante-su-experiencia-como-voluntaria-a-corto-plazo-2.jpg",600,338,false],"product-category-page-image":["https:\/\/ecocaminhos.com\/wp-content\/uploads\/2018\/09\/Entrevista-Maria-encontr\u00f3-mucho-mas-de-lo-que-esperaba-durante-su-experiencia-como-voluntaria-a-corto-plazo-2.jpg",600,338,false],"swmsc-related-posts":["https:\/\/ecocaminhos.com\/wp-content\/uploads\/2018\/09\/Entrevista-Maria-encontr\u00f3-mucho-mas-de-lo-que-esperaba-durante-su-experiencia-como-voluntaria-a-corto-plazo-2.jpg",500,281,false],"swmsc-recent-post-tiny":["https:\/\/ecocaminhos.com\/wp-content\/uploads\/2018\/09\/Entrevista-Maria-encontr\u00f3-mucho-mas-de-lo-que-esperaba-durante-su-experiencia-como-voluntaria-a-corto-plazo-2.jpg",90,51,false],"swmsc-grid-image":["https:\/\/ecocaminhos.com\/wp-content\/uploads\/2018\/09\/Entrevista-Maria-encontr\u00f3-mucho-mas-de-lo-que-esperaba-durante-su-experiencia-como-voluntaria-a-corto-plazo-2.jpg",670,377,false],"swmsc-square-image":["https:\/\/ecocaminhos.com\/wp-content\/uploads\/2018\/09\/Entrevista-Maria-encontr\u00f3-mucho-mas-de-lo-que-esperaba-durante-su-experiencia-como-voluntaria-a-corto-plazo-2.jpg",670,377,false],"swmsc-blog-featured":["https:\/\/ecocaminhos.com\/wp-content\/uploads\/2018\/09\/Entrevista-Maria-encontr\u00f3-mucho-mas-de-lo-que-esperaba-durante-su-experiencia-como-voluntaria-a-corto-plazo-2.jpg",850,478,false],"woocommerce_thumbnail":["https:\/\/ecocaminhos.com\/wp-content\/uploads\/2018\/09\/Entrevista-Maria-encontr\u00f3-mucho-mas-de-lo-que-esperaba-durante-su-experiencia-como-voluntaria-a-corto-plazo-2-150x150.jpg",150,150,true],"woocommerce_single":["https:\/\/ecocaminhos.com\/wp-content\/uploads\/2018\/09\/Entrevista-Maria-encontr\u00f3-mucho-mas-de-lo-que-esperaba-durante-su-experiencia-como-voluntaria-a-corto-plazo-2-300x169.jpg",300,169,true],"woocommerce_gallery_thumbnail":["https:\/\/ecocaminhos.com\/wp-content\/uploads\/2018\/09\/Entrevista-Maria-encontr\u00f3-mucho-mas-de-lo-que-esperaba-durante-su-experiencia-como-voluntaria-a-corto-plazo-2-100x100.jpg",100,100,true],"ecoworld-blog-featured":["https:\/\/ecocaminhos.com\/wp-content\/uploads\/2018\/09\/Entrevista-Maria-encontr\u00f3-mucho-mas-de-lo-que-esperaba-durante-su-experiencia-como-voluntaria-a-corto-plazo-2.jpg",850,478,false],"ecoworld-blog-full":["https:\/\/ecocaminhos.com\/wp-content\/uploads\/2018\/09\/Entrevista-Maria-encontr\u00f3-mucho-mas-de-lo-que-esperaba-durante-su-experiencia-como-voluntaria-a-corto-plazo-2.jpg",924,520,false],"ecoworld-related-posts":["https:\/\/ecocaminhos.com\/wp-content\/uploads\/2018\/09\/Entrevista-Maria-encontr\u00f3-mucho-mas-de-lo-que-esperaba-durante-su-experiencia-como-voluntaria-a-corto-plazo-2.jpg",500,281,false],"ecoworld-recent-post-tiny":["https:\/\/ecocaminhos.com\/wp-content\/uploads\/2018\/09\/Entrevista-Maria-encontr\u00f3-mucho-mas-de-lo-que-esperaba-durante-su-experiencia-como-voluntaria-a-corto-plazo-2.jpg",90,51,false],"ecoworld-grid-image":["https:\/\/ecocaminhos.com\/wp-content\/uploads\/2018\/09\/Entrevista-Maria-encontr\u00f3-mucho-mas-de-lo-que-esperaba-durante-su-experiencia-como-voluntaria-a-corto-plazo-2.jpg",670,377,false],"ecoworld-standard":["https:\/\/ecocaminhos.com\/wp-content\/uploads\/2018\/09\/Entrevista-Maria-encontr\u00f3-mucho-mas-de-lo-que-esperaba-durante-su-experiencia-como-voluntaria-a-corto-plazo-2.jpg",670,377,false],"ecoworld-square-image":["https:\/\/ecocaminhos.com\/wp-content\/uploads\/2018\/09\/Entrevista-Maria-encontr\u00f3-mucho-mas-de-lo-que-esperaba-durante-su-experiencia-como-voluntaria-a-corto-plazo-2.jpg",670,377,false]},"rttpg_author":{"display_name":"bart bijen","author_link":"https:\/\/ecocaminhos.com\/sp\/blog\/author\/bart\/"},"rttpg_comment":79,"rttpg_category":"<a href=\"https:\/\/ecocaminhos.com\/sp\/blog\/category\/testimonial\/\" rel=\"category tag\">Testimonio<\/a> <a href=\"https:\/\/ecocaminhos.com\/sp\/blog\/category\/volunteering\/\" rel=\"category tag\">Voluntariado<\/a>","rttpg_excerpt":"Maria encontr\u00f3 mucho mas de lo que esperaba durante su experiencia como voluntaria a corto plazo Maria-Cena decidi\u00f3 viajar a Brasil para distanciarse de su rutina en Pa\u00edses Bajos, ella [&hellip;]","post_mailing_queue_ids":[],"_links":{"self":[{"href":"https:\/\/ecocaminhos.com\/sp\/wp-json\/wp\/v2\/posts\/5001","targetHints":{"allow":["GET"]}}],"collection":[{"href":"https:\/\/ecocaminhos.com\/sp\/wp-json\/wp\/v2\/posts"}],"about":[{"href":"https:\/\/ecocaminhos.com\/sp\/wp-json\/wp\/v2\/types\/post"}],"author":[{"embeddable":true,"href":"https:\/\/ecocaminhos.com\/sp\/wp-json\/wp\/v2\/users\/4"}],"replies":[{"embeddable":true,"href":"https:\/\/ecocaminhos.com\/sp\/wp-json\/wp\/v2\/comments?post=5001"}],"version-history":[{"count":29,"href":"https:\/\/ecocaminhos.com\/sp\/wp-json\/wp\/v2\/posts\/5001\/revisions"}],"predecessor-version":[{"id":19368,"href":"https:\/\/ecocaminhos.com\/sp\/wp-json\/wp\/v2\/posts\/5001\/revisions\/19368"}],"wp:featuredmedia":[{"embeddable":true,"href":"https:\/\/ecocaminhos.com\/sp\/wp-json\/wp\/v2\/media\/5029"}],"wp:attachment":[{"href":"https:\/\/ecocaminhos.com\/sp\/wp-json\/wp\/v2\/media?parent=5001"}],"wp:term":[{"taxonomy":"category","embeddable":true,"href":"https:\/\/ecocaminhos.com\/sp\/wp-json\/wp\/v2\/categories?post=5001"},{"taxonomy":"post_tag","embeddable":true,"href":"https:\/\/ecocaminhos.com\/sp\/wp-json\/wp\/v2\/tags?post=5001"}],"curies":[{"name":"wp","href":"https:\/\/api.w.org\/{rel}","templated":true}]}}